{"id":10969,"date":"2015-05-15T22:25:11","date_gmt":"2015-05-16T02:25:11","guid":{"rendered":"http:\/\/www.adufpb.org.br\/site\/?p=10969"},"modified":"2015-05-17T20:48:44","modified_gmt":"2015-05-18T00:48:44","slug":"adufpb-visita-centros-para-discutir-campanha-salarial-e-carreira-docente","status":"publish","type":"post","link":"https:\/\/www.adufpb.org.br\/site\/adufpb-visita-centros-para-discutir-campanha-salarial-e-carreira-docente\/","title":{"rendered":"ADUFPB visita centros para discutir campanha salarial e carreira docente"},"content":{"rendered":"<p>A Diretoria da ADUFPB realizou ao longo da manh\u00e3 da \u00faltima quinta-feira (14) uma atividade de mobiliza\u00e7\u00e3o visitando reuni\u00f5es de centro que estavam em andamento naquele dia na universidade. O objetivo era discutir a campanha salarial unificada dos servidores p\u00fablicos federais e outras quest\u00f5es relacionadas \u00e0 carreira docente.<\/p>\n<p>As visitas \u00e0s reuni\u00f5es j\u00e1 v\u00eam sendo realizadas h\u00e1 aproximadamente 20 dias, mas, na \u00faltima quinta-feira, a a\u00e7\u00e3o foi intensificada como forma de mobilizar a categoria em torno da nova reuni\u00e3o de negocia\u00e7\u00e3o entre os servidores federais e o Minist\u00e9rio do Planejamento, realizada na tarde do mesmo dia.<\/p>\n<p>Na ocasi\u00e3o, a Diretoria da ADUFPB percorreu o CCS, o CT, o CCEN e o CE. Mas, desde o fim de abril, j\u00e1 foram visitados tamb\u00e9m os departamentos de Fisioterapia, Fonoaudiologia, Educa\u00e7\u00e3o F\u00edsica e Promo\u00e7\u00e3o da Sa\u00fade, al\u00e9m da Escola T\u00e9cnica de Sa\u00fade e o Conselho de Centro do CCHLA.<\/p>\n<p>\u201c\u00c9 importante destacar que os professores que tiverem informa\u00e7\u00e3o sobre reuni\u00f5es de centro podem entrar em contato conosco para agendarmos novas visitas\u201d, informou o presidente da ADUFPB, Jaldes Reis de Meneses. De acordo com ele, a a\u00e7\u00e3o est\u00e1 sendo muito positiva e os professores t\u00eam demonstrado interesse e preocupa\u00e7\u00e3o com os temas.<\/p>\n\n\t\t\t<style type='text\/css'>\n\t\t\t\t#gallery-1 {\n\t\t\t\t\tmargin: auto;\n\t\t\t\t}\n\t\t\t\t#gallery-1 .gallery-item {\n\t\t\t\t\tfloat: left;\n\t\t\t\t\tmargin-top: 10px;\n\t\t\t\t\ttext-align: center;\n\t\t\t\t\twidth: 25%;\n\t\t\t\t}\n\t\t\t\t#gallery-1 img {\n\t\t\t\t\tborder: 2px solid #cfcfcf;\n\t\t\t\t}\n\t\t\t\t#gallery-1 .gallery-caption {\n\t\t\t\t\tmargin-left: 0;\n\t\t\t\t}\n\t\t\t\t\/* see gallery_shortcode() in wp-includes\/media.php *\/\n\t\t\t<\/style>\n\t\t<div id='gallery-1' class='dt-gallery-container gallery galleryid-10969 gallery-columns-4 gallery-size-thumbnail'><dl class='gallery-item'>\n\t\t\t\t<dt class='gallery-icon landscape'>\n\t\t\t\t\t<a class=\"rollover\" href='https:\/\/www.adufpb.org.br\/site\/adufpb-visita-centros-para-discutir-campanha-salarial-e-carreira-docente\/ct\/'><img loading=\"lazy\" decoding=\"async\" width=\"150\" height=\"150\" src=\"https:\/\/www.adufpb.org.br\/site\/wp-content\/uploads\/2015\/05\/CT-150x150.jpg\" class=\"attachment-thumbnail size-thumbnail\" alt=\"\" \/><\/a>\n\t\t\t\t<\/dt><\/dl><dl class='gallery-item'>\n\t\t\t\t<dt class='gallery-icon landscape'>\n\t\t\t\t\t<a class=\"rollover\" href='https:\/\/www.adufpb.org.br\/site\/adufpb-visita-centros-para-discutir-campanha-salarial-e-carreira-docente\/ct-3\/'><img loading=\"lazy\" decoding=\"async\" width=\"150\" height=\"150\" src=\"https:\/\/www.adufpb.org.br\/site\/wp-content\/uploads\/2015\/05\/CT-3-150x150.jpg\" class=\"attachment-thumbnail size-thumbnail\" alt=\"\" \/><\/a>\n\t\t\t\t<\/dt><\/dl><dl class='gallery-item'>\n\t\t\t\t<dt class='gallery-icon landscape'>\n\t\t\t\t\t<a class=\"rollover\" href='https:\/\/www.adufpb.org.br\/site\/adufpb-visita-centros-para-discutir-campanha-salarial-e-carreira-docente\/ct-2\/'><img loading=\"lazy\" decoding=\"async\" width=\"150\" height=\"150\" src=\"https:\/\/www.adufpb.org.br\/site\/wp-content\/uploads\/2015\/05\/CT-2-150x150.jpg\" class=\"attachment-thumbnail size-thumbnail\" alt=\"\" \/><\/a>\n\t\t\t\t<\/dt><\/dl><dl class='gallery-item'>\n\t\t\t\t<dt class='gallery-icon landscape'>\n\t\t\t\t\t<a class=\"rollover\" href='https:\/\/www.adufpb.org.br\/site\/adufpb-visita-centros-para-discutir-campanha-salarial-e-carreira-docente\/ce\/'><img loading=\"lazy\" decoding=\"async\" width=\"150\" height=\"150\" src=\"https:\/\/www.adufpb.org.br\/site\/wp-content\/uploads\/2015\/05\/CE-150x150.jpg\" class=\"attachment-thumbnail size-thumbnail\" alt=\"\" \/><\/a>\n\t\t\t\t<\/dt><\/dl><br style=\"clear: both\" \/><dl class='gallery-item'>\n\t\t\t\t<dt class='gallery-icon landscape'>\n\t\t\t\t\t<a class=\"rollover\" href='https:\/\/www.adufpb.org.br\/site\/adufpb-visita-centros-para-discutir-campanha-salarial-e-carreira-docente\/ce-2\/'><img loading=\"lazy\" decoding=\"async\" width=\"150\" height=\"150\" src=\"https:\/\/www.adufpb.org.br\/site\/wp-content\/uploads\/2015\/05\/CE-2-150x150.jpg\" class=\"attachment-thumbnail size-thumbnail\" alt=\"\" \/><\/a>\n\t\t\t\t<\/dt><\/dl><dl class='gallery-item'>\n\t\t\t\t<dt class='gallery-icon landscape'>\n\t\t\t\t\t<a class=\"rollover\" href='https:\/\/www.adufpb.org.br\/site\/adufpb-visita-centros-para-discutir-campanha-salarial-e-carreira-docente\/cchla-2\/'><img loading=\"lazy\" decoding=\"async\" width=\"150\" height=\"150\" src=\"https:\/\/www.adufpb.org.br\/site\/wp-content\/uploads\/2015\/05\/CCHLA-150x150.jpg\" class=\"attachment-thumbnail size-thumbnail\" alt=\"\" \/><\/a>\n\t\t\t\t<\/dt><\/dl><dl class='gallery-item'>\n\t\t\t\t<dt class='gallery-icon landscape'>\n\t\t\t\t\t<a class=\"rollover\" href='https:\/\/www.adufpb.org.br\/site\/adufpb-visita-centros-para-discutir-campanha-salarial-e-carreira-docente\/ccen\/'><img loading=\"lazy\" decoding=\"async\" width=\"150\" height=\"150\" src=\"https:\/\/www.adufpb.org.br\/site\/wp-content\/uploads\/2015\/05\/CCEN-150x150.jpg\" class=\"attachment-thumbnail size-thumbnail\" alt=\"\" \/><\/a>\n\t\t\t\t<\/dt><\/dl>\n\t\t\t\t<br style='clear: both' \/>\n\t\t\t<\/div>\n\n<p>&nbsp;<\/p>\n<p><strong>Campanha salarial<\/strong><\/p>\n<p>A campanha salarial unificada dos servidores p\u00fablicos federais foi protocolada no Minist\u00e9rio do Planejamento, Or\u00e7amento e Gest\u00e3o no dia 25 de fevereiro. Entre os vinte itens que comp\u00f5em o documento est\u00e3o: reajuste linear de 27,3%, pol\u00edtica salarial permanente, com corre\u00e7\u00e3o das distor\u00e7\u00f5es e reposi\u00e7\u00e3o das perdas inflacion\u00e1rias, data-base em 1\u00ba de maio, direito de negocia\u00e7\u00e3o coletiva, conforme previsto na Conven\u00e7\u00e3o 151 (da Organiza\u00e7\u00e3o Internacional do Trabalho) e paridade salarial entre ativos e aposentados.<\/p>\n<p>Na \u00faltima quinta-feira, aconteceu a segunda reuni\u00e3o de negocia\u00e7\u00e3o entre o F\u00f3rum das Entidades Nacionais dos Servidores P\u00fablicos Federais e o Minist\u00e9rio do Planejamento. No entanto, o governo n\u00e3o trouxe nenhum avan\u00e7o para a mesa, deixando as pautas apresentadas novamente sem resposta.<\/p>\n<p>Nesta reuni\u00e3o com a Secretaria de Rela\u00e7\u00f5es do Trabalho do Mpog, conforme o calend\u00e1rio acordado na \u00faltima reuni\u00e3o em 20 de abril, o governo deveria dar retorno aos itens, do que foi denominado pelo F\u00f3rum dos SPF de bloco negocial, que compreende data-base dos servidores federais, os direitos de negocia\u00e7\u00e3o coletiva, direito de greve a regulamenta\u00e7\u00e3o da conven\u00e7\u00e3o 151 da OIT e a libera\u00e7\u00e3o de dirigentes sindicais. Al\u00e9m disso, seria tratado tamb\u00e9m um dos itens da pauta econ\u00f4mica \u2013 os benef\u00edcios, que s\u00e3o considerados verba de custeio e n\u00e3o dependem da disposi\u00e7\u00e3o or\u00e7ament\u00e1ria para despesa com pessoal, argumento usado pelo governo para limitar a negocia\u00e7\u00e3o dos demais pontos.<\/p>\n<p>Segundo informe dos representantes sindicais que participaram do encontro, o secret\u00e1rio de Rela\u00e7\u00f5es do Trabalho do Minist\u00e9rio do Trabalho e Emprego, Manoel Messias, convidado para a mesa pelo Planejamento, apresentou uma explana\u00e7\u00e3o sobre o entendimento do governo sobre a Conven\u00e7\u00e3o 151 da Organiza\u00e7\u00e3o Internacional do Trabalho (OIT), que trata da negocia\u00e7\u00e3o coletiva no servi\u00e7o p\u00fablico. Questionado, S\u00e9rgio Mendon\u00e7a, secret\u00e1rio da SRT\/Mpog, disse que n\u00e3o h\u00e1 inten\u00e7\u00e3o do governo em encaminhar a regulamenta\u00e7\u00e3o junto ao Congresso.<\/p>\n<p>Na sequ\u00eancia, os representantes do Planejamento apresentaram uma s\u00e9rie de estudos sobre a defasagem dos benef\u00edcios aux\u00edlio alimenta\u00e7\u00e3o, creche e sa\u00fade, e refor\u00e7aram que os n\u00fameros eram apenas cen\u00e1rios e n\u00e3o caracterizavam uma proposta por parte do governo.<\/p>\n<p>Na avalia\u00e7\u00e3o de Amauri Medeiros, tesoureiro do ANDES-SN que esteve presente na mesa, a reuni\u00e3o configurou novamente a postura do governo em prolongar o processo e tentar conduzir as negocia\u00e7\u00f5es conforme as pautas que lhe conv\u00e9m. \u201cO governo claramente mostrou que tudo o que foi apresentado hoje \u00e9 apenas estudos e que precisam discutir internamente. N\u00e3o houve nenhuma resposta \u00e0 pauta apresentada e \u00e0 metodologia acordada na \u00faltima mesa. Avaliamos inicialmente que a realiza\u00e7\u00e3o dessa reuni\u00e3o, sem respeitar a metodologia, n\u00e3o \u00e9 um avan\u00e7o. E ainda termina a reuni\u00e3o sem apresentar uma nova data\u201d, explica.<\/p>\n<p><em>Fonte: Ascom ADUFPB (com informa\u00e7\u00f5es do Andes-SN)<\/em><\/p>\n","protected":false},"excerpt":{"rendered":"<p>A Diretoria da ADUFPB realizou ao longo da manh\u00e3 da \u00faltima quinta-feira (14) uma atividade de mobiliza\u00e7\u00e3o visitando reuni\u00f5es de centro que estavam em andamento naquele dia na universidade. O objetivo era discutir a campanha salarial unificada dos servidores p\u00fablicos federais e outras quest\u00f5es relacionadas \u00e0 carreira docente. As visitas \u00e0s reuni\u00f5es j\u00e1 v\u00eam sendo&hellip;<\/p>\n","protected":false},"author":3,"featured_media":10975,"comment_status":"closed","ping_status":"closed","sticky":false,"template":"","format":"standard","meta":{"footnotes":""},"categories":[15,417],"tags":[525,526,560,558,559,229,187],"class_list":["post-10969","post","type-post","status-publish","format-standard","has-post-thumbnail","hentry","category-noticias","category-noticias-destaque","tag-campanha-salarial-2015","tag-campanha-salarial-unificada","tag-centros","tag-forum-dos-spfs","tag-reunioes","tag-servidores-publicos-federais","tag-spfs","category-15","category-417","description-off"],"_links":{"self":[{"href":"https:\/\/www.adufpb.org.br\/site\/wp-json\/wp\/v2\/posts\/10969","targetHints":{"allow":["GET"]}}],"collection":[{"href":"https:\/\/www.adufpb.org.br\/site\/wp-json\/wp\/v2\/posts"}],"about":[{"href":"https:\/\/www.adufpb.org.br\/site\/wp-json\/wp\/v2\/types\/post"}],"author":[{"embeddable":true,"href":"https:\/\/www.adufpb.org.br\/site\/wp-json\/wp\/v2\/users\/3"}],"replies":[{"embeddable":true,"href":"https:\/\/www.adufpb.org.br\/site\/wp-json\/wp\/v2\/comments?post=10969"}],"version-history":[{"count":2,"href":"https:\/\/www.adufpb.org.br\/site\/wp-json\/wp\/v2\/posts\/10969\/revisions"}],"predecessor-version":[{"id":10979,"href":"https:\/\/www.adufpb.org.br\/site\/wp-json\/wp\/v2\/posts\/10969\/revisions\/10979"}],"wp:featuredmedia":[{"embeddable":true,"href":"https:\/\/www.adufpb.org.br\/site\/wp-json\/wp\/v2\/media\/10975"}],"wp:attachment":[{"href":"https:\/\/www.adufpb.org.br\/site\/wp-json\/wp\/v2\/media?parent=10969"}],"wp:term":[{"taxonomy":"category","embeddable":true,"href":"https:\/\/www.adufpb.org.br\/site\/wp-json\/wp\/v2\/categories?post=10969"},{"taxonomy":"post_tag","embeddable":true,"href":"https:\/\/www.adufpb.org.br\/site\/wp-json\/wp\/v2\/tags?post=10969"}],"curies":[{"name":"wp","href":"https:\/\/api.w.org\/{rel}","templated":true}]}}