{"id":10934,"date":"2015-05-12T16:57:48","date_gmt":"2015-05-12T20:57:48","guid":{"rendered":"http:\/\/www.adufpb.org.br\/site\/?p=10934"},"modified":"2015-05-12T16:57:48","modified_gmt":"2015-05-12T20:57:48","slug":"14-de-maio-dia-de-ato-nacional-dos-spf-em-brasilia","status":"publish","type":"post","link":"https:\/\/www.adufpb.org.br\/site\/14-de-maio-dia-de-ato-nacional-dos-spf-em-brasilia\/","title":{"rendered":"14 de maio: Dia de ato nacional dos SPF em Bras\u00edlia"},"content":{"rendered":"<p>Os servidores p\u00fablicos federais (SPF) de todo o pa\u00eds realizar\u00e3o no dia 14 de maio, pr\u00f3xima quinta-feira, um ato nacional em Bras\u00edlia (DF) em frente ao Minist\u00e9rio do Planejamento (Mpog) durante a reuni\u00e3o, marcada para \u00e0s 10h, do F\u00f3rum das Entidades Nacionais dos SPF com os representantes da Secretaria de Rela\u00e7\u00f5es do Trabalho (SRT) do Mpog. Ap\u00f3s a vitoriosa Jornada de Lutas dos SPF, realizada em abril, o dia 14 de maio \u00e9 a grande aposta dos servidores para avan\u00e7ar na negocia\u00e7\u00e3o efetiva da Campanha Salarial 2015, atrav\u00e9s da unidade entre as diversas entidades que integram o F\u00f3rum.<\/p>\n<p>\u201c\u00c9 a segunda reuni\u00e3o de negocia\u00e7\u00e3o com o governo, que queria empurrar a data mais para frente e conseguimos atrav\u00e9s da press\u00e3o das atividades dos SPF, pela antecipa\u00e7\u00e3o da reuni\u00e3o. Esperamos que o governo apresente alguma reposta j\u00e1 neste encontro\u201d, afirma Giovanni Frizzo, um dos coordenadores do Setor das Institui\u00e7\u00f5es Federais de Ensino Superior (Ifes) do ANDES-SN e 1\u00b0 vice-presidente da Regional Rio Grande do Sul do Sindicato Nacional.<\/p>\n<p>Para o diretor do ANDES-SN, este \u00e9 o momento de refor\u00e7ar a mobiliza\u00e7\u00e3o nas categorias, fortalecer os f\u00f3runs estaduais dos SPF e preparar em cada estado as caravanas para o grande ato nacional na capital federal. O ato p\u00fablico nacional \u00e9 uma forma de vig\u00edlia e press\u00e3o para que, segundo Frizzo, o governo apresente respostas concretas \u00e0 pauta de reivindica\u00e7\u00f5es do conjunto dos SPF. Nessa reuni\u00e3o, ser\u00e3o discutidas algumas pautas hist\u00f3ricas da categoria: a data-base dos servidores federais, os direitos de negocia\u00e7\u00e3o coletiva, direito de greve a regulamenta\u00e7\u00e3o da conven\u00e7\u00e3o 151 da OIT e a libera\u00e7\u00e3o de dirigentes sindicais. Al\u00e9m disso, ser\u00e1 tratado tamb\u00e9m um dos itens da pauta econ\u00f4mica \u2013 os benef\u00edcios, que s\u00e3o considerados verba de custeio e n\u00e3o dependem da disposi\u00e7\u00e3o or\u00e7ament\u00e1ria para despesa com pessoal, argumento usado pelo governo para limitar a negocia\u00e7\u00e3o dos demais pontos.<\/p>\n<p>\u00c0 tarde, ap\u00f3s a reuni\u00e3o com a SRT\/Mpog, ser\u00e1 realizada a Reuni\u00e3o Ampliada do F\u00f3rum dos SPF, em Bras\u00edlia, para avaliar o andamento da negocia\u00e7\u00e3o e encaminhar as a\u00e7\u00f5es para o pr\u00f3ximo per\u00edodo.<\/p>\n<p><strong>Paralisa\u00e7\u00e3o nas Ifes<\/strong><\/p>\n<p>De acordo Giovanni Frizzo, o dia 14 ser\u00e1 marcado pelo Dia Nacional de Paralisa\u00e7\u00e3o dos Docentes nas Ifes e ter\u00e1 participa\u00e7\u00e3o em peso das se\u00e7\u00f5es sindicais do ANDES-SN, com a realiza\u00e7\u00e3o de diferentes atividades de base, como assembleias, panfletagens e manifesta\u00e7\u00f5es locais. A paralisa\u00e7\u00e3o foi definida na reuni\u00e3o do Setor das Ifes realizada no final de abril, para destacar as pautas espec\u00edficas da categoria como a defesa da carreira docente, dos direitos de aposentadoria e contra os cortes de verbas na educa\u00e7\u00e3o p\u00fablica. \u201cA nossa categoria est\u00e1 se articulando nas institui\u00e7\u00f5es federais para fazer a paralisa\u00e7\u00e3o e tamb\u00e9m participar dos atos unificados dos SPF nos estados. Temos acompanhado a rodada de assembleias, em conjunto com o sindicato dos t\u00e9cnicos administrativos, Fasubra, e com o apoio do movimento estudantil. A paralisa\u00e7\u00e3o do dia 14 ser\u00e1 muito forte nas IFE\u201d, assegura.<\/p>\n<p>Segundo o diretor do ANDES-SN, \u00e9 fundamental a mobiliza\u00e7\u00e3o, tantos nas se\u00e7\u00f5es sindicais, como no conjunto dos SPF. Ele aponta a import\u00e2ncia da pr\u00f3xima reuni\u00e3o do Setor das Ifes, em Bras\u00edlia, nos dias 15 e 16 de maio, que avaliar\u00e1 a conjuntura e o resultado da rodada de assembleias nas se\u00e7\u00f5es sindicais com o poss\u00edvel apontamento para a greve nacional, com in\u00edcio no per\u00edodo de 25 a 29 de maio.<\/p>\n<p>O docente ainda alerta para o cen\u00e1rio atual que o pa\u00eds vive, com corte or\u00e7ament\u00e1rio na educa\u00e7\u00e3o p\u00fablica, as medidas provis\u00f3rias 664 e 665, que atacam os direitos da classe trabalhadora, e o projeto que libera as terceiriza\u00e7\u00f5es, antigo PL 4330\/04, o Projeto de Lei da C\u00e2mara (PLC) 30\/2015. \u201cNessa conjuntura de diferentes e diversos ataques aos direitos trabalhistas no conjunto da classe trabalhadora, e especificamente dos SPF, temos avaliado que somente conseguiremos resistir a esses ataques e buscar uma ofensiva com a intensifica\u00e7\u00e3o da mobiliza\u00e7\u00e3o no conjunto dos trabalhadores\u201d, diz, ressaltando a paralisa\u00e7\u00e3o nacional, rumo \u00e0 greve geral, que vem sendo articulada pelas centrais sindicais para o dia 29 de maio.<\/p>\n<p>Confira <a href=\"http:\/\/portal.andes.org.br\/imprensa\/noticias\/imp-inf-766809846.pdf\" target=\"_blank\">aqui <\/a>e divulgue o InformANDES Especial de mobiliza\u00e7\u00e3o<\/p>\n<p><span style=\"text-decoration: underline;\"><strong>Agenda<\/strong><\/span><\/p>\n<p><strong>14 de maio<\/strong><\/p>\n<p>10h: Reuni\u00e3o do F\u00f3rum dos SPF com governo no Minist\u00e9rio dos Planejamento (Mpog), com ato nacional em frente ao Mpog (Bloco C), na Esplanada dos Minist\u00e9rios, em Bras\u00edlia (DF);<\/p>\n<p>14h: Reuni\u00e3o Ampliada do F\u00f3rum dos SPF para avalia\u00e7\u00e3o no Hotel Imperial, em Bras\u00edlia;<\/p>\n<p>Mobiliza\u00e7\u00e3o e atos nos estados organizados pelos f\u00f3runs estaduais e se\u00e7\u00f5es sindicais<\/p>\n<p><em>Fonte: Andes-SN<\/em><\/p>\n","protected":false},"excerpt":{"rendered":"<p>Os servidores p\u00fablicos federais (SPF) de todo o pa\u00eds realizar\u00e3o no dia 14 de maio, pr\u00f3xima quinta-feira, um ato nacional em Bras\u00edlia (DF) em frente ao Minist\u00e9rio do Planejamento (Mpog) durante a reuni\u00e3o, marcada para \u00e0s 10h, do F\u00f3rum das Entidades Nacionais dos SPF com os representantes da Secretaria de Rela\u00e7\u00f5es do Trabalho (SRT) do&hellip;<\/p>\n","protected":false},"author":3,"featured_media":0,"comment_status":"closed","ping_status":"closed","sticky":false,"template":"","format":"standard","meta":{"footnotes":""},"categories":[15],"tags":[557,526,202,455,223,229,187],"class_list":["post-10934","post","type-post","status-publish","format-standard","hentry","category-noticias","tag-14-de-maio","tag-campanha-salarial-unificada","tag-ifes","tag-mpog","tag-paralisacao","tag-servidores-publicos-federais","tag-spfs","category-15","description-off"],"_links":{"self":[{"href":"https:\/\/www.adufpb.org.br\/site\/wp-json\/wp\/v2\/posts\/10934","targetHints":{"allow":["GET"]}}],"collection":[{"href":"https:\/\/www.adufpb.org.br\/site\/wp-json\/wp\/v2\/posts"}],"about":[{"href":"https:\/\/www.adufpb.org.br\/site\/wp-json\/wp\/v2\/types\/post"}],"author":[{"embeddable":true,"href":"https:\/\/www.adufpb.org.br\/site\/wp-json\/wp\/v2\/users\/3"}],"replies":[{"embeddable":true,"href":"https:\/\/www.adufpb.org.br\/site\/wp-json\/wp\/v2\/comments?post=10934"}],"version-history":[{"count":1,"href":"https:\/\/www.adufpb.org.br\/site\/wp-json\/wp\/v2\/posts\/10934\/revisions"}],"predecessor-version":[{"id":10935,"href":"https:\/\/www.adufpb.org.br\/site\/wp-json\/wp\/v2\/posts\/10934\/revisions\/10935"}],"wp:attachment":[{"href":"https:\/\/www.adufpb.org.br\/site\/wp-json\/wp\/v2\/media?parent=10934"}],"wp:term":[{"taxonomy":"category","embeddable":true,"href":"https:\/\/www.adufpb.org.br\/site\/wp-json\/wp\/v2\/categories?post=10934"},{"taxonomy":"post_tag","embeddable":true,"href":"https:\/\/www.adufpb.org.br\/site\/wp-json\/wp\/v2\/tags?post=10934"}],"curies":[{"name":"wp","href":"https:\/\/api.w.org\/{rel}","templated":true}]}}