{"id":10930,"date":"2015-05-12T14:52:07","date_gmt":"2015-05-12T18:52:07","guid":{"rendered":"http:\/\/www.adufpb.org.br\/site\/?p=10930"},"modified":"2015-05-12T14:54:30","modified_gmt":"2015-05-12T18:54:30","slug":"professores-fazem-assembleia-terca-e-quarta-feira-3","status":"publish","type":"post","link":"https:\/\/www.adufpb.org.br\/site\/professores-fazem-assembleia-terca-e-quarta-feira-3\/","title":{"rendered":"Professores fazem assembleia ter\u00e7a e quarta-feira"},"content":{"rendered":"<p>Ser\u00e1 realizada nesta ter\u00e7a (12\/5) e na quarta-feira (13) uma nova rodada de assembleias dos professores da UFPB com a seguinte pauta: informes, Organiza\u00e7\u00f5es Sociais nas universidades, campanha salarial 2015 e proposta do Setor das Federais do Andes-SN de indicativo de greve para o final de maio.<\/p>\n<div>\n<div id=\":1xk\">\n<div id=\":1xj\">\n<div dir=\"ltr\">\n<p dir=\"ltr\">No dia 12 (ter\u00e7a-feira), a assembleia acontecer\u00e1 pela manh\u00e3 na subsecretaria da ADUFPB no campus de Bananeiras.<\/p>\n<p dir=\"ltr\">J\u00e1 no dia 13 (quarta-feira), a partir de 9h, a reuni\u00e3o ser\u00e1 no audit\u00f3rio da Reitoria, no campus I, em Jo\u00e3o Pessoa, reunindo tanto com professores que atuam na Cidade Universit\u00e1ria quanto os da unidade do Centro de Ci\u00eancias Jur\u00eddicas de Santa Rita e os dos campi IV (Litoral Norte) e V (no bairro de Mangabeira).<\/p>\n<p>No mesmo dia, \u00e0s 15h, haver\u00e1 assembleia tamb\u00e9m no campus de Areia, na subsecretaria da ADUFPB.<\/p>\n<p dir=\"ltr\"><strong>Organiza\u00e7\u00f5es Sociais<\/strong><\/p>\n<p dir=\"ltr\">Um dos temas de pauta da nova rodada de assembleia \u00e9 a decis\u00e3o do Supremo Tribunal Federal, no dia 16 de abril, que considerou v\u00e1lida a atua\u00e7\u00e3o das Organiza\u00e7\u00f5es Sociais na presta\u00e7\u00e3o de servi\u00e7os p\u00fablicos de ensino, pesquisa cient\u00edfica, desenvolvimento tecnol\u00f3gico, prote\u00e7\u00e3o e preserva\u00e7\u00e3o ao meio ambiente, cultura e sa\u00fade.<\/p>\n<p dir=\"ltr\">A ADI 1923 questionava a legalidade da Lei 9.637\/98, que disp\u00f5e sobre a qualifica\u00e7\u00e3o de entidades como organiza\u00e7\u00f5es sociais e a cria\u00e7\u00e3o do Programa Nacional de Publiciza\u00e7\u00e3o, bem como o inciso XXIV, artigo 24, da Lei 8.666\/93 (Lei das Licita\u00e7\u00f5es). A a\u00e7\u00e3o foi ajuizada h\u00e1 mais de 15 anos e sua vota\u00e7\u00e3o havia sido suspensa em maio de 2011, com pedido de vistas do processo pelo ministro Marco Aurelio.<\/p>\n<p dir=\"ltr\">Para Claudia March, secret\u00e1ria geral do ANDES-SN, a decis\u00e3o \u00e9 muito preocupante e representa um ataque direto \u00e0queles que lutam contra a precariza\u00e7\u00e3o das condi\u00e7\u00f5es de trabalho e em defesa dos servi\u00e7os p\u00fablicos de qualidade e tem por objetivo dar continuidade \u00e0 contrarreforma do Estado, iniciada durante o governo de Fernando Henrique Cardoso, sob a tutela do ent\u00e3o ministro Bresser Pereira.<\/p>\n<p dir=\"ltr\">A diretora do ANDES-SN lembra que n\u00e3o havia uma restri\u00e7\u00e3o \u00e0 Lei 9.637, promulgada em 1998, mas desde antes de sua aprova\u00e7\u00e3o, a mesma j\u00e1 vinha sendo questionada e combatida pelos movimentos sindicais e sociais, tanto na esfera pol\u00edtica quanto jur\u00eddica, o que impediu o avan\u00e7o das OS para todos os setores previstos na Lei.<\/p>\n<p><em>Fonte: Ascom ADUFPB<\/em><\/div>\n<\/div>\n<\/div>\n<\/div>\n","protected":false},"excerpt":{"rendered":"<p>Ser\u00e1 realizada nesta ter\u00e7a (12\/5) e na quarta-feira (13) uma nova rodada de assembleias dos professores da UFPB com a seguinte pauta: informes, Organiza\u00e7\u00f5es Sociais nas universidades, campanha salarial 2015 e proposta do Setor das Federais do Andes-SN de indicativo de greve para o final de maio. No dia 12 (ter\u00e7a-feira), a assembleia acontecer\u00e1 pela&hellip;<\/p>\n","protected":false},"author":3,"featured_media":10886,"comment_status":"closed","ping_status":"closed","sticky":false,"template":"","format":"standard","meta":{"footnotes":""},"categories":[417],"tags":[816,525,132,555],"class_list":["post-10930","post","type-post","status-publish","format-standard","has-post-thumbnail","hentry","category-noticias-destaque","tag-assembleia","tag-campanha-salarial-2015","tag-greve","tag-organizacoes-sociais","category-417","description-off"],"_links":{"self":[{"href":"https:\/\/www.adufpb.org.br\/site\/wp-json\/wp\/v2\/posts\/10930","targetHints":{"allow":["GET"]}}],"collection":[{"href":"https:\/\/www.adufpb.org.br\/site\/wp-json\/wp\/v2\/posts"}],"about":[{"href":"https:\/\/www.adufpb.org.br\/site\/wp-json\/wp\/v2\/types\/post"}],"author":[{"embeddable":true,"href":"https:\/\/www.adufpb.org.br\/site\/wp-json\/wp\/v2\/users\/3"}],"replies":[{"embeddable":true,"href":"https:\/\/www.adufpb.org.br\/site\/wp-json\/wp\/v2\/comments?post=10930"}],"version-history":[{"count":3,"href":"https:\/\/www.adufpb.org.br\/site\/wp-json\/wp\/v2\/posts\/10930\/revisions"}],"predecessor-version":[{"id":10933,"href":"https:\/\/www.adufpb.org.br\/site\/wp-json\/wp\/v2\/posts\/10930\/revisions\/10933"}],"wp:featuredmedia":[{"embeddable":true,"href":"https:\/\/www.adufpb.org.br\/site\/wp-json\/wp\/v2\/media\/10886"}],"wp:attachment":[{"href":"https:\/\/www.adufpb.org.br\/site\/wp-json\/wp\/v2\/media?parent=10930"}],"wp:term":[{"taxonomy":"category","embeddable":true,"href":"https:\/\/www.adufpb.org.br\/site\/wp-json\/wp\/v2\/categories?post=10930"},{"taxonomy":"post_tag","embeddable":true,"href":"https:\/\/www.adufpb.org.br\/site\/wp-json\/wp\/v2\/tags?post=10930"}],"curies":[{"name":"wp","href":"https:\/\/api.w.org\/{rel}","templated":true}]}}