{"id":1092,"date":"2010-05-24T10:17:25","date_gmt":"2010-05-24T14:17:25","guid":{"rendered":"http:\/\/www.adufpb.org.br\/site\/?p=1092"},"modified":"2010-05-24T10:33:49","modified_gmt":"2010-05-24T14:33:49","slug":"adufpb-mobiliza-categoria-em-favor-dos-aposentados","status":"publish","type":"post","link":"https:\/\/www.adufpb.org.br\/site\/adufpb-mobiliza-categoria-em-favor-dos-aposentados\/","title":{"rendered":"ADUFPB mobiliza categoria em favor dos aposentados"},"content":{"rendered":"<p style=\"text-align: left;\"><a href=\"http:\/\/www.flickr.com\/photos\/galeria-adufpb\/\"><img loading=\"lazy\" decoding=\"async\" class=\"alignleft\" src=\"http:\/\/farm4.static.flickr.com\/3361\/4621799046_f5e6a9c33f.jpg\" alt=\"\" width=\"350\" height=\"263\" \/><\/a><\/p>\n<p>O Grupo de Trabalho da ADUFPB para assuntos de aposentadoria realizou reuni\u00e3o na manh\u00e3 da \u00faltima quarta-feira (19) e definiu uma s\u00e9rie de a\u00e7\u00f5es para mobilizar a categoria. Na pauta do encontro estava o Projeto de Emenda Constitucional 555\/06, que extingue o desconto previdenci\u00e1rio dos servidores aposentados; o Mandado de Injun\u00e7\u00e3o relativo \u00e0 Aposentadoria Especial, e o Fator Previdenci\u00e1rio.<\/p>\n<p>Entre os encaminhamentos, ficou definida a realiza\u00e7\u00e3o de entrevistas com a bancada federal da Para\u00edba no Congresso. O objetivo \u00e9 mobilizar o apoio desses parlamentares em torno da PEC 555\/06.<\/p>\n<p>Os parlamentares ser\u00e3o entrevistados pelo presidente da ADUFPB, Jaldes Reis de Meneses, e pelos os professores Rui Dantas e Jos\u00e9 Ant\u00f4nio da Silva. O GT Aposentadoria formou, tamb\u00e9m, uma comiss\u00e3o para organizar os eventos, com a participa\u00e7\u00e3o dos professores Jos\u00e9 Ant\u00f4nio, Liney Carneiro, Auta de Sousa e Terezinha Diniz.<\/p>\n<p><strong>Mesa-redonda<\/strong><\/p>\n<p>Outro encaminhamento dados pela reuni\u00e3o foi a realiza\u00e7\u00e3o de uma mesa-redonda com representantes da ADUFPB, dos ANDES-SN e de um sindicato local, com o objetivo de mobilizar a categoria em defesa dos diretos dos aposentados. O evento est\u00e1 previsto para acontecer no dia 18 de junho. O local e o hor\u00e1rio ser\u00e3o definidos nos pr\u00f3ximos dias e imediatamente informados aos professores.<\/p>\n<p>Para convocar o maior n\u00famero de professores ativos e aposentados para o evento, foi montada uma comiss\u00e3o de mobiliza\u00e7\u00e3o, que contar\u00e1 com centrais de telefonistas. Cada centro de ensino ter\u00e1 representantes, que entrar\u00e3o em contato com os docentes por telefone, convidando-os para a mesa-redonda.<\/p>\n<p>As primeiras equipes foram montadas durante a reuni\u00e3o da \u00faltima quarta-feira. No CCHLA, ficar\u00e3o os professores Rui Dantas, Gl\u00f3ria Obermak, Am\u00e9lia Bento e Ros\u00e2ngela Guerra. No CT, Liney Carneiro e Paulo Amaral. Pelo CEE, Auta de Sousa, Bernadete de Andrade e Terezinha Diniz. Pelo CCS, Jos\u00e9 Madeiro, Jos\u00e9 Ricardo Silva, Jos\u00e9 Ant\u00f4nio da Silva e Gilvado. Pelo CCSA, Gl\u00e1ucia Guimar\u00e3es.<\/p>\n<p><strong><a href=\"http:\/\/www.flickr.com\/photos\/galeria-adufpb\/\"><img loading=\"lazy\" decoding=\"async\" class=\"alignright\" src=\"http:\/\/farm4.static.flickr.com\/3376\/4621792418_943d8e0773.jpg\" alt=\"\" width=\"350\" height=\"263\" \/><\/a>Fator previdenci\u00e1rio<\/strong><\/p>\n<p>No final da tarde da \u00faltima quarta-feira (19), o Senado Federal aprovou o projeto que reajusta em 7,72% as aposentadorias e pens\u00f5es da Previd\u00eancia Social acima de um sal\u00e1rio m\u00ednimo e extingue o Fator Previdenci\u00e1rio. O resultado da vota\u00e7\u00e3o, que foi simb\u00f3lica e durou menos de cinco minutos, significou uma derrota para o governo. Apesar disso, auxiliares do presidente Lula j\u00e1 adiantaram que ele deve vetar o projeto.<\/p>\n<p>\u201cA decis\u00e3o agora est\u00e1 nas m\u00e3os do presidente Lula\u201d, declarou o presidente da ADUFPB, Jaldes Reis de Meneses. De acordo com ele, a aprova\u00e7\u00e3o do fim do Fator Previdenci\u00e1rio pode sinalizar uma virada na Lei da Previd\u00eancia. Jaldes explica que o Fator foi inclu\u00eddo nos c\u00e1lculos para defini\u00e7\u00e3o dos valores dos benef\u00edcios concedidos a partir de 1999, como uma forma de posterga\u00e7\u00e3o da aposentadoria. \u201cHouve uma mudan\u00e7a de tempo de servi\u00e7o para tempo de contribui\u00e7\u00e3o\u201d, afirma.<\/p>\n<p><strong>PEC 555\/06<\/strong><\/p>\n<p>Outro ponto discutido na reuni\u00e3o da \u00faltima quarta-feira foi a PEC 555\/06, pauta da s\u00e9rie de mobiliza\u00e7\u00f5es que a ADUFPB ir\u00e1 comandar nos pr\u00f3ximos dias. O projeto de Emenda retira da Constitui\u00e7\u00e3o o artigo que prev\u00ea a contribui\u00e7\u00e3o de inativos, de 11%.<\/p>\n<p>De acordo com o professor Jaldes, a proposta j\u00e1 foi aprovada no Senado e agora est\u00e1 sendo analisada em comiss\u00e3o especial da C\u00e2mara dos Deputados. \u201cMas n\u00e3o \u00e9 interesse do governo coloca essa pauta em plen\u00e1rio\u201d, declarou. Por esse motivo, de acordo com ele, \u00e9 necess\u00e1rio mobilizar a categoria.<\/p>\n<p>Para tanto, ser\u00e3o realizadas atividades para esclarecer os servidores e a sociedade e para pressionar os parlamentares paraibanos em favor do projeto. \u201cVale lembrar que essa \u00e9 uma discuss\u00e3o que diz respeito n\u00e3o apenas a quem j\u00e1 est\u00e1 aposentado, mas todos os trabalhadores\u201d, declarou.<\/p>\n<p>Mais fotos da reuni\u00e3o dos aposentados podem ser conferidas clicando <a href=\"http:\/\/www.flickr.com\/photos\/galeria-adufpb\/\" target=\"_blank\">aqui<\/a>.<\/p>\n<p>Fonte: Ascom ADUFPB<\/p>\n","protected":false},"excerpt":{"rendered":"<p>O Grupo de Trabalho da ADUFPB para assuntos de aposentadoria realizou reuni\u00e3o na manh\u00e3 da \u00faltima quarta-feira (19) e definiu uma s\u00e9rie de a\u00e7\u00f5es para mobilizar a categoria. Na pauta do encontro estava o Projeto de Emenda Constitucional 555\/06, que extingue o desconto previdenci\u00e1rio dos servidores aposentados; o Mandado de Injun\u00e7\u00e3o relativo \u00e0 Aposentadoria Especial,&hellip;<\/p>\n","protected":false},"author":3,"featured_media":0,"comment_status":"open","ping_status":"open","sticky":false,"template":"","format":"standard","meta":{"footnotes":""},"categories":[15],"tags":[63,160,159],"class_list":["post-1092","post","type-post","status-publish","format-standard","hentry","category-noticias","tag-aposentados","tag-fator-previdenciario","tag-pec-555","category-15","description-off"],"_links":{"self":[{"href":"https:\/\/www.adufpb.org.br\/site\/wp-json\/wp\/v2\/posts\/1092","targetHints":{"allow":["GET"]}}],"collection":[{"href":"https:\/\/www.adufpb.org.br\/site\/wp-json\/wp\/v2\/posts"}],"about":[{"href":"https:\/\/www.adufpb.org.br\/site\/wp-json\/wp\/v2\/types\/post"}],"author":[{"embeddable":true,"href":"https:\/\/www.adufpb.org.br\/site\/wp-json\/wp\/v2\/users\/3"}],"replies":[{"embeddable":true,"href":"https:\/\/www.adufpb.org.br\/site\/wp-json\/wp\/v2\/comments?post=1092"}],"version-history":[{"count":2,"href":"https:\/\/www.adufpb.org.br\/site\/wp-json\/wp\/v2\/posts\/1092\/revisions"}],"predecessor-version":[{"id":1094,"href":"https:\/\/www.adufpb.org.br\/site\/wp-json\/wp\/v2\/posts\/1092\/revisions\/1094"}],"wp:attachment":[{"href":"https:\/\/www.adufpb.org.br\/site\/wp-json\/wp\/v2\/media?parent=1092"}],"wp:term":[{"taxonomy":"category","embeddable":true,"href":"https:\/\/www.adufpb.org.br\/site\/wp-json\/wp\/v2\/categories?post=1092"},{"taxonomy":"post_tag","embeddable":true,"href":"https:\/\/www.adufpb.org.br\/site\/wp-json\/wp\/v2\/tags?post=1092"}],"curies":[{"name":"wp","href":"https:\/\/api.w.org\/{rel}","templated":true}]}}