{"id":10887,"date":"2015-05-04T16:34:01","date_gmt":"2015-05-04T20:34:01","guid":{"rendered":"http:\/\/www.adufpb.org.br\/site\/?p=10887"},"modified":"2015-05-06T07:58:16","modified_gmt":"2015-05-06T11:58:16","slug":"forum-dos-spfs-convoca-para-ato-nacional-no-dia-14-de-maio","status":"publish","type":"post","link":"https:\/\/www.adufpb.org.br\/site\/forum-dos-spfs-convoca-para-ato-nacional-no-dia-14-de-maio\/","title":{"rendered":"Boletim do F\u00f3rum dos SPF convoca servidores para ato em Bras\u00edlia, dia 14"},"content":{"rendered":"<p><em>Servidores p\u00fablicos federais de todo o pa\u00eds realizar\u00e3o ato nacional em Bras\u00edlia durante a reuni\u00e3o com o Mpog, para pressionar o governo a avan\u00e7ar na negocia\u00e7\u00e3o do conjunto de demandas do funcionalismo p\u00fablico<\/em><\/p>\n<p>O novo boletim do F\u00f3rum das Entidades Nacionais dos Servidores P\u00fablicos Federais (SPF), lan\u00e7ado no in\u00edcio de maio, aponta a necessidade de mobiliza\u00e7\u00e3o e da constru\u00e7\u00e3o unit\u00e1ria das lutas dos servidores federais para que as pautas dos SPF sejam atendidas. Dessa forma, as diversas categorias dos servidores p\u00fablicos est\u00e3o orientadas a refor\u00e7ar a mobiliza\u00e7\u00e3o, fortalecer os f\u00f3runs estaduais dos SPF e preparar em cada estado caravanas para participar do ato nacional em Bras\u00edlia, no dia 14 de maio. Nesse dia, ocorre mais uma reuni\u00e3o do F\u00f3rum com o governo, em que os SPF v\u00e3o buscar avan\u00e7ar nas pautas do bloco negocial com inclus\u00e3o do item isonomia de benef\u00edcios.<\/p>\n<p>\u201cEsta reuni\u00e3o com o governo ser\u00e1 decisiva para definirmos os pr\u00f3ximos encaminhamentos para o fortalecimento da luta. Nos estados, precisamos organizar, atrav\u00e9s dos f\u00f3runs estaduais, atividades de mobiliza\u00e7\u00e3o durante todo o dia 14 de maio. O momento exige fazer do dia 14 de maio uma grande demonstra\u00e7\u00e3o de for\u00e7a da categoria, sem a qual n\u00e3o avan\u00e7aremos na pauta geral dos Servidores P\u00fablicos Federais\u201d, aponta o boletim. Ap\u00f3s uma vitoriosa Jornada de Lutas dos SPF, realizada em abril, o dia 14 de maio \u00e9 a grande aposta dos SPF para conquistar negocia\u00e7\u00e3o efetiva da campanha salarial 2015, atrav\u00e9s da unidade entre as diversas entidades que integram o F\u00f3rum.<\/p>\n<p>As se\u00e7\u00f5es sindicais do ANDES-SN tamb\u00e9m devem se somar ao processo de articula\u00e7\u00e3o e organiza\u00e7\u00e3o dos SPF nos estados, sendo linha de frente na realiza\u00e7\u00e3o das diferentes atividades de base, como as assembleias e atos nas suas cidades, com a pauta definida pelo Setor das Institui\u00e7\u00f5es Federais de Ensino Superior (Ifes) para o Dia Nacional de Paralisa\u00e7\u00e3o nas IFE, que ocorre na mesma data.<\/p>\n<p>Logo ap\u00f3s a rodada de negocia\u00e7\u00e3o com o governo, acontecer\u00e1 reuni\u00e3o ampliada do F\u00f3rum dos SPF para avaliar a mesa com o governo e os pr\u00f3ximos passos da luta.\u00a0A reuni\u00e3o ser\u00e1 realizada no Hotel Imperial, \u00e0s 14h.<\/p>\n<p>Confira a publica\u00e7\u00e3o na \u00edntegra clicando nas imagens abaixo.<\/p>\n<p>&nbsp;<\/p>\n<p><a href=\"http:\/\/www.adufpb.org.br\/site\/wp-content\/uploads\/2015\/05\/BOLETIM-DO-F\u00d3RUM-DAS-ENTIDADES-NACIONAIS-DOS-SPF_1.jpg\"><img loading=\"lazy\" decoding=\"async\" class=\"aligncenter size-large wp-image-10889\" alt=\"SegundoBoletimdoForum.indd\" src=\"http:\/\/www.adufpb.org.br\/site\/wp-content\/uploads\/2015\/05\/BOLETIM-DO-F\u00d3RUM-DAS-ENTIDADES-NACIONAIS-DOS-SPF_1-725x1024.jpg\" width=\"725\" height=\"1024\" srcset=\"https:\/\/www.adufpb.org.br\/site\/wp-content\/uploads\/2015\/05\/BOLETIM-DO-F\u00d3RUM-DAS-ENTIDADES-NACIONAIS-DOS-SPF_1-725x1024.jpg 725w, https:\/\/www.adufpb.org.br\/site\/wp-content\/uploads\/2015\/05\/BOLETIM-DO-F\u00d3RUM-DAS-ENTIDADES-NACIONAIS-DOS-SPF_1-212x300.jpg 212w\" sizes=\"auto, (max-width: 725px) 100vw, 725px\" \/><\/a><\/p>\n<p>&nbsp;<\/p>\n<p>&nbsp;<\/p>\n<p><a href=\"http:\/\/www.adufpb.org.br\/site\/wp-content\/uploads\/2015\/05\/BOLETIM-DO-F\u00d3RUM-DAS-ENTIDADES-NACIONAIS-DOS-SPF_2.jpg\"><img loading=\"lazy\" decoding=\"async\" class=\"aligncenter size-large wp-image-10890\" alt=\"SegundoBoletimdoForum.indd\" src=\"http:\/\/www.adufpb.org.br\/site\/wp-content\/uploads\/2015\/05\/BOLETIM-DO-F\u00d3RUM-DAS-ENTIDADES-NACIONAIS-DOS-SPF_2-721x1024.jpg\" width=\"721\" height=\"1024\" srcset=\"https:\/\/www.adufpb.org.br\/site\/wp-content\/uploads\/2015\/05\/BOLETIM-DO-F\u00d3RUM-DAS-ENTIDADES-NACIONAIS-DOS-SPF_2-721x1024.jpg 721w, https:\/\/www.adufpb.org.br\/site\/wp-content\/uploads\/2015\/05\/BOLETIM-DO-F\u00d3RUM-DAS-ENTIDADES-NACIONAIS-DOS-SPF_2-211x300.jpg 211w\" sizes=\"auto, (max-width: 721px) 100vw, 721px\" \/><\/a><\/p>\n<p>&nbsp;<\/p>\n<p>&nbsp;<\/p>\n<p><em>Fonte:\u00a0ANDES-SN<\/em><\/p>\n","protected":false},"excerpt":{"rendered":"<p>Servidores p\u00fablicos federais de todo o pa\u00eds realizar\u00e3o ato nacional em Bras\u00edlia durante a reuni\u00e3o com o Mpog, para pressionar o governo a avan\u00e7ar na negocia\u00e7\u00e3o do conjunto de demandas do funcionalismo p\u00fablico O novo boletim do F\u00f3rum das Entidades Nacionais dos Servidores P\u00fablicos Federais (SPF), lan\u00e7ado no in\u00edcio de maio, aponta a necessidade de&hellip;<\/p>\n","protected":false},"author":3,"featured_media":0,"comment_status":"closed","ping_status":"closed","sticky":false,"template":"","format":"standard","meta":{"footnotes":""},"categories":[15],"tags":[526,26,187],"class_list":["post-10887","post","type-post","status-publish","format-standard","hentry","category-noticias","tag-campanha-salarial-unificada","tag-mobilizacao","tag-spfs","category-15","description-off"],"_links":{"self":[{"href":"https:\/\/www.adufpb.org.br\/site\/wp-json\/wp\/v2\/posts\/10887","targetHints":{"allow":["GET"]}}],"collection":[{"href":"https:\/\/www.adufpb.org.br\/site\/wp-json\/wp\/v2\/posts"}],"about":[{"href":"https:\/\/www.adufpb.org.br\/site\/wp-json\/wp\/v2\/types\/post"}],"author":[{"embeddable":true,"href":"https:\/\/www.adufpb.org.br\/site\/wp-json\/wp\/v2\/users\/3"}],"replies":[{"embeddable":true,"href":"https:\/\/www.adufpb.org.br\/site\/wp-json\/wp\/v2\/comments?post=10887"}],"version-history":[{"count":5,"href":"https:\/\/www.adufpb.org.br\/site\/wp-json\/wp\/v2\/posts\/10887\/revisions"}],"predecessor-version":[{"id":10900,"href":"https:\/\/www.adufpb.org.br\/site\/wp-json\/wp\/v2\/posts\/10887\/revisions\/10900"}],"wp:attachment":[{"href":"https:\/\/www.adufpb.org.br\/site\/wp-json\/wp\/v2\/media?parent=10887"}],"wp:term":[{"taxonomy":"category","embeddable":true,"href":"https:\/\/www.adufpb.org.br\/site\/wp-json\/wp\/v2\/categories?post=10887"},{"taxonomy":"post_tag","embeddable":true,"href":"https:\/\/www.adufpb.org.br\/site\/wp-json\/wp\/v2\/tags?post=10887"}],"curies":[{"name":"wp","href":"https:\/\/api.w.org\/{rel}","templated":true}]}}