{"id":10794,"date":"2015-04-20T16:13:10","date_gmt":"2015-04-20T20:13:10","guid":{"rendered":"http:\/\/www.adufpb.org.br\/site\/?p=10794"},"modified":"2015-04-20T16:13:10","modified_gmt":"2015-04-20T20:13:10","slug":"nota-de-pesar-51","status":"publish","type":"post","link":"https:\/\/www.adufpb.org.br\/site\/nota-de-pesar-51\/","title":{"rendered":"NOTA DE PESAR"},"content":{"rendered":"<p><span style=\"font-size: large;\">A Diretoria Executiva e Funcion\u00e1rios da ADUFPB v\u00eam a p\u00fablico manifestar o seu profundo pesar pelo falecimento da Sra. DULCE DALVA DINIZ, ocorrido no dia 19 de abril de 2015, irm\u00e3 da professora Terezinha Diniz, Secret\u00e1ria Geral da ADUFPB.<\/span><\/p>\n<p><span style=\"font-size: large;\">O corpo est\u00e1 sendo velado na Central de Vel\u00f3rios S\u00e3o Jo\u00e3o Batista (Epit\u00e1cio Pessoa) e o enterro ser\u00e1 \u00e0s 16h00 \u2013 Cemit\u00e9rio da Boa Senten\u00e7a.<\/span><\/p>\n<p><span style=\"font-size: large;\">\u00c0 professora Terezinha Diniz, bem como aos membros da fam\u00edlia e amigos, nossos sentimentos.<\/span><\/p>\n<p>&nbsp;<\/p>\n<p style=\"text-align: center;\"><span style=\"font-size: large;\">Jo\u00e3o Pessoa, 20 de abril de 2015.<\/span><\/p>\n<p style=\"text-align: center;\"><span style=\"font-size: large;\">DIRETORIA EXECUTIVA<\/span><\/p>\n<p style=\"text-align: center;\"><span style=\"font-size: large;\">FUNCION\u00c1RIOS DA ADUFPB<\/span><\/p>\n","protected":false},"excerpt":{"rendered":"<p>A Diretoria Executiva e Funcion\u00e1rios da ADUFPB v\u00eam a p\u00fablico manifestar o seu profundo pesar pelo falecimento da Sra. DULCE DALVA DINIZ, ocorrido no dia 19 de abril de 2015, irm\u00e3 da professora Terezinha Diniz, Secret\u00e1ria Geral da ADUFPB. O corpo est\u00e1 sendo velado na Central de Vel\u00f3rios S\u00e3o Jo\u00e3o Batista (Epit\u00e1cio Pessoa) e o&hellip;<\/p>\n","protected":false},"author":3,"featured_media":0,"comment_status":"closed","ping_status":"closed","sticky":false,"template":"","format":"standard","meta":{"footnotes":""},"categories":[15],"tags":[],"class_list":["post-10794","post","type-post","status-publish","format-standard","hentry","category-noticias","category-15","description-off"],"_links":{"self":[{"href":"https:\/\/www.adufpb.org.br\/site\/wp-json\/wp\/v2\/posts\/10794","targetHints":{"allow":["GET"]}}],"collection":[{"href":"https:\/\/www.adufpb.org.br\/site\/wp-json\/wp\/v2\/posts"}],"about":[{"href":"https:\/\/www.adufpb.org.br\/site\/wp-json\/wp\/v2\/types\/post"}],"author":[{"embeddable":true,"href":"https:\/\/www.adufpb.org.br\/site\/wp-json\/wp\/v2\/users\/3"}],"replies":[{"embeddable":true,"href":"https:\/\/www.adufpb.org.br\/site\/wp-json\/wp\/v2\/comments?post=10794"}],"version-history":[{"count":1,"href":"https:\/\/www.adufpb.org.br\/site\/wp-json\/wp\/v2\/posts\/10794\/revisions"}],"predecessor-version":[{"id":10795,"href":"https:\/\/www.adufpb.org.br\/site\/wp-json\/wp\/v2\/posts\/10794\/revisions\/10795"}],"wp:attachment":[{"href":"https:\/\/www.adufpb.org.br\/site\/wp-json\/wp\/v2\/media?parent=10794"}],"wp:term":[{"taxonomy":"category","embeddable":true,"href":"https:\/\/www.adufpb.org.br\/site\/wp-json\/wp\/v2\/categories?post=10794"},{"taxonomy":"post_tag","embeddable":true,"href":"https:\/\/www.adufpb.org.br\/site\/wp-json\/wp\/v2\/tags?post=10794"}],"curies":[{"name":"wp","href":"https:\/\/api.w.org\/{rel}","templated":true}]}}