{"id":10690,"date":"2015-04-06T09:20:59","date_gmt":"2015-04-06T13:20:59","guid":{"rendered":"http:\/\/www.adufpb.org.br\/site\/?p=10690"},"modified":"2015-04-06T09:20:59","modified_gmt":"2015-04-06T13:20:59","slug":"professores-fazem-assembleia-terca-e-quarta-feira-2","status":"publish","type":"post","link":"https:\/\/www.adufpb.org.br\/site\/professores-fazem-assembleia-terca-e-quarta-feira-2\/","title":{"rendered":"Professores fazem assembleia ter\u00e7a e quarta-feira"},"content":{"rendered":"<p dir=\"ltr\">A ADUFPB realiza nesta semana mais uma rodada de assembleias.\u00a0Em pauta est\u00e3o: informes, crise nas Universidade P\u00fablicas e na UFPB (Governo Dilma II) e campanha salarial dos servidores p\u00fablicos federais 2015.<\/p>\n<p dir=\"ltr\">Na ter\u00e7a-feira, dia 7 de abril, a assembleia ser\u00e1 nos campi de Bananeiras (pela manh\u00e3) e Areia (\u00e0 tarde). J\u00e1 na quarta-feira (8\/4), a reuni\u00e3o acontecer\u00e1 em Jo\u00e3o Pessoa, com professores dos campi I (Cidade Universit\u00e1ria e Santa Rita), IV (Litoral Norte) e V (Mangabeira). A assembleia est\u00e1 marcada para come\u00e7ar \u00e0s 9h, no audit\u00f3rio da Reitoria.<\/p>\n<p dir=\"ltr\">As entidades de servidores p\u00fablicos est\u00e3o alertas \u00e0 s\u00e9rie de acontecimentos na gest\u00e3o federal e que impactam diretamente na sociedade e nos direitos dos trabalhadores, a exemplo do corte de R$ 7 bilh\u00f5es na educa\u00e7\u00e3o p\u00fablica e a publica\u00e7\u00e3o das recentes medidas provis\u00f3rias 664 e 665.<\/p>\n<p dir=\"ltr\">No dia 25 de fevereiro, o F\u00f3rum das Entidades Nacionais dos Servidores P\u00fablicos Federais lan\u00e7ou a Campanha Unificada 2015 com ato em frente ao Minist\u00e9rio do Planejamento, Or\u00e7amento e Gest\u00e3o (Mpog) e diversas atividades nos demais estados brasileiros. Na ocasi\u00e3o, foi protocolada no minist\u00e9rio a pauta de reivindica\u00e7\u00f5es conjuntas dos SPF.<\/p>\n<p dir=\"ltr\">O F\u00f3rum definiu os eixos da luta da categoria para este ano. S\u00e3o eles: o reajuste linear de 27,3%, pol\u00edtica salarial permanente, com corre\u00e7\u00e3o das distor\u00e7\u00f5es e reposi\u00e7\u00e3o das perdas inflacion\u00e1rias, data-base em 1\u00ba de maio, direito de negocia\u00e7\u00e3o coletiva, conforme previsto na Conven\u00e7\u00e3o 151 (da Organiza\u00e7\u00e3o Internacional do Trabalho) e paridade salarial entre ativos e aposentados.<\/p>\n<p dir=\"ltr\"><em>Fonte: Ascom ADUFPB<\/em><\/p>\n","protected":false},"excerpt":{"rendered":"<p>A ADUFPB realiza nesta semana mais uma rodada de assembleias.\u00a0Em pauta est\u00e3o: informes, crise nas Universidade P\u00fablicas e na UFPB (Governo Dilma II) e campanha salarial dos servidores p\u00fablicos federais 2015. Na ter\u00e7a-feira, dia 7 de abril, a assembleia ser\u00e1 nos campi de Bananeiras (pela manh\u00e3) e Areia (\u00e0 tarde). J\u00e1 na quarta-feira (8\/4), a&hellip;<\/p>\n","protected":false},"author":3,"featured_media":0,"comment_status":"closed","ping_status":"closed","sticky":false,"template":"","format":"standard","meta":{"footnotes":""},"categories":[15],"tags":[95],"class_list":["post-10690","post","type-post","status-publish","format-standard","hentry","category-noticias","tag-assembleias","category-15","description-off"],"_links":{"self":[{"href":"https:\/\/www.adufpb.org.br\/site\/wp-json\/wp\/v2\/posts\/10690","targetHints":{"allow":["GET"]}}],"collection":[{"href":"https:\/\/www.adufpb.org.br\/site\/wp-json\/wp\/v2\/posts"}],"about":[{"href":"https:\/\/www.adufpb.org.br\/site\/wp-json\/wp\/v2\/types\/post"}],"author":[{"embeddable":true,"href":"https:\/\/www.adufpb.org.br\/site\/wp-json\/wp\/v2\/users\/3"}],"replies":[{"embeddable":true,"href":"https:\/\/www.adufpb.org.br\/site\/wp-json\/wp\/v2\/comments?post=10690"}],"version-history":[{"count":1,"href":"https:\/\/www.adufpb.org.br\/site\/wp-json\/wp\/v2\/posts\/10690\/revisions"}],"predecessor-version":[{"id":10691,"href":"https:\/\/www.adufpb.org.br\/site\/wp-json\/wp\/v2\/posts\/10690\/revisions\/10691"}],"wp:attachment":[{"href":"https:\/\/www.adufpb.org.br\/site\/wp-json\/wp\/v2\/media?parent=10690"}],"wp:term":[{"taxonomy":"category","embeddable":true,"href":"https:\/\/www.adufpb.org.br\/site\/wp-json\/wp\/v2\/categories?post=10690"},{"taxonomy":"post_tag","embeddable":true,"href":"https:\/\/www.adufpb.org.br\/site\/wp-json\/wp\/v2\/tags?post=10690"}],"curies":[{"name":"wp","href":"https:\/\/api.w.org\/{rel}","templated":true}]}}