{"id":10636,"date":"2015-03-23T14:48:38","date_gmt":"2015-03-23T18:48:38","guid":{"rendered":"http:\/\/www.adufpb.org.br\/site\/?p=10636"},"modified":"2015-03-23T14:48:38","modified_gmt":"2015-03-23T18:48:38","slug":"nota-de-pesar-50","status":"publish","type":"post","link":"https:\/\/www.adufpb.org.br\/site\/nota-de-pesar-50\/","title":{"rendered":"NOTA DE PESAR"},"content":{"rendered":"<p><span style=\"font-size: large;\">A Diretoria Executiva da ADUFPB vem a p\u00fablico manifestar o seu profundo pesar pelo falecimento da Sra. <strong>IZOLDA SOARES DA SILVA<\/strong>, m\u00e3e do professor Jos\u00e9 Ant\u00f4nio da Silva, sindicalizado da ADUFPB.<\/span><\/p>\n<p><span style=\"font-size: large;\">Ao professor Jos\u00e9 Ant\u00f4nio, bem como aos membros da fam\u00edlia e amigos, nossos p\u00easames.<\/span><\/p>\n<p>&nbsp;<\/p>\n<p style=\"text-align: center;\"><span style=\"font-size: large;\">Jo\u00e3o Pessoa, 23 de mar\u00e7o de 2015.<\/span><\/p>\n<p style=\"text-align: center;\"><span style=\"font-size: large;\">DIRETORIA EXECUTIVA<\/span><\/p>\n<p><span style=\"font-size: large;\">\u00a0<\/span><\/p>\n","protected":false},"excerpt":{"rendered":"<p>A Diretoria Executiva da ADUFPB vem a p\u00fablico manifestar o seu profundo pesar pelo falecimento da Sra. IZOLDA SOARES DA SILVA, m\u00e3e do professor Jos\u00e9 Ant\u00f4nio da Silva, sindicalizado da ADUFPB. Ao professor Jos\u00e9 Ant\u00f4nio, bem como aos membros da fam\u00edlia e amigos, nossos p\u00easames. &nbsp; Jo\u00e3o Pessoa, 23 de mar\u00e7o de 2015. DIRETORIA EXECUTIVA&hellip;<\/p>\n","protected":false},"author":3,"featured_media":0,"comment_status":"closed","ping_status":"closed","sticky":false,"template":"","format":"standard","meta":{"footnotes":""},"categories":[15],"tags":[],"class_list":["post-10636","post","type-post","status-publish","format-standard","hentry","category-noticias","category-15","description-off"],"_links":{"self":[{"href":"https:\/\/www.adufpb.org.br\/site\/wp-json\/wp\/v2\/posts\/10636","targetHints":{"allow":["GET"]}}],"collection":[{"href":"https:\/\/www.adufpb.org.br\/site\/wp-json\/wp\/v2\/posts"}],"about":[{"href":"https:\/\/www.adufpb.org.br\/site\/wp-json\/wp\/v2\/types\/post"}],"author":[{"embeddable":true,"href":"https:\/\/www.adufpb.org.br\/site\/wp-json\/wp\/v2\/users\/3"}],"replies":[{"embeddable":true,"href":"https:\/\/www.adufpb.org.br\/site\/wp-json\/wp\/v2\/comments?post=10636"}],"version-history":[{"count":1,"href":"https:\/\/www.adufpb.org.br\/site\/wp-json\/wp\/v2\/posts\/10636\/revisions"}],"predecessor-version":[{"id":10637,"href":"https:\/\/www.adufpb.org.br\/site\/wp-json\/wp\/v2\/posts\/10636\/revisions\/10637"}],"wp:attachment":[{"href":"https:\/\/www.adufpb.org.br\/site\/wp-json\/wp\/v2\/media?parent=10636"}],"wp:term":[{"taxonomy":"category","embeddable":true,"href":"https:\/\/www.adufpb.org.br\/site\/wp-json\/wp\/v2\/categories?post=10636"},{"taxonomy":"post_tag","embeddable":true,"href":"https:\/\/www.adufpb.org.br\/site\/wp-json\/wp\/v2\/tags?post=10636"}],"curies":[{"name":"wp","href":"https:\/\/api.w.org\/{rel}","templated":true}]}}