{"id":10630,"date":"2015-03-20T13:44:35","date_gmt":"2015-03-20T17:44:35","guid":{"rendered":"http:\/\/www.adufpb.org.br\/site\/?p=10630"},"modified":"2015-03-20T13:44:35","modified_gmt":"2015-03-20T17:44:35","slug":"adufpb-recebe-poemas-para-primeiro-sarau-de-2015","status":"publish","type":"post","link":"https:\/\/www.adufpb.org.br\/site\/adufpb-recebe-poemas-para-primeiro-sarau-de-2015\/","title":{"rendered":"ADUFPB recebe poemas para primeiro sarau de 2015"},"content":{"rendered":"<p dir=\"ltr\">O primeiro sarau po\u00e9tico da ADUFPB em 2015 ser\u00e1 realizado no dia 17 de abril (sexta-feira), \u00e0s 18h, na sede do Sindicato (Centro de Viv\u00eancia do campus I da UFPB). Nesta nova edi\u00e7\u00e3o, o evento apresentar\u00e1 apenas poemas escritos por mulheres.<\/p>\n<p dir=\"ltr\">Quem quiser contribuir enviando textos pode encaminh\u00e1-los at\u00e9 o dia 31 de mar\u00e7o para a Diretoria de Cultura do Sindicato, pelo e-mail <a href=\"mailto:carloscartaxo@yahoo.com.br\">carloscartaxo@yahoo.com.br<\/a>. As pessoas interessadas em ler e interpretar as poesias tamb\u00e9m podem se inscrever na ADUFPB.<\/p>\n<p><em>Fonte: Ascom ADUFPB<\/em><\/p>\n","protected":false},"excerpt":{"rendered":"<p>O primeiro sarau po\u00e9tico da ADUFPB em 2015 ser\u00e1 realizado no dia 17 de abril (sexta-feira), \u00e0s 18h, na sede do Sindicato (Centro de Viv\u00eancia do campus I da UFPB). Nesta nova edi\u00e7\u00e3o, o evento apresentar\u00e1 apenas poemas escritos por mulheres. Quem quiser contribuir enviando textos pode encaminh\u00e1-los at\u00e9 o dia 31 de mar\u00e7o para&hellip;<\/p>\n","protected":false},"author":3,"featured_media":0,"comment_status":"closed","ping_status":"closed","sticky":false,"template":"","format":"standard","meta":{"footnotes":""},"categories":[15],"tags":[410,375,538],"class_list":["post-10630","post","type-post","status-publish","format-standard","hentry","category-noticias","tag-cultura","tag-diretoria-de-cultura","tag-sarau-poetico","category-15","description-off"],"_links":{"self":[{"href":"https:\/\/www.adufpb.org.br\/site\/wp-json\/wp\/v2\/posts\/10630","targetHints":{"allow":["GET"]}}],"collection":[{"href":"https:\/\/www.adufpb.org.br\/site\/wp-json\/wp\/v2\/posts"}],"about":[{"href":"https:\/\/www.adufpb.org.br\/site\/wp-json\/wp\/v2\/types\/post"}],"author":[{"embeddable":true,"href":"https:\/\/www.adufpb.org.br\/site\/wp-json\/wp\/v2\/users\/3"}],"replies":[{"embeddable":true,"href":"https:\/\/www.adufpb.org.br\/site\/wp-json\/wp\/v2\/comments?post=10630"}],"version-history":[{"count":1,"href":"https:\/\/www.adufpb.org.br\/site\/wp-json\/wp\/v2\/posts\/10630\/revisions"}],"predecessor-version":[{"id":10631,"href":"https:\/\/www.adufpb.org.br\/site\/wp-json\/wp\/v2\/posts\/10630\/revisions\/10631"}],"wp:attachment":[{"href":"https:\/\/www.adufpb.org.br\/site\/wp-json\/wp\/v2\/media?parent=10630"}],"wp:term":[{"taxonomy":"category","embeddable":true,"href":"https:\/\/www.adufpb.org.br\/site\/wp-json\/wp\/v2\/categories?post=10630"},{"taxonomy":"post_tag","embeddable":true,"href":"https:\/\/www.adufpb.org.br\/site\/wp-json\/wp\/v2\/tags?post=10630"}],"curies":[{"name":"wp","href":"https:\/\/api.w.org\/{rel}","templated":true}]}}