{"id":10628,"date":"2015-03-20T13:17:54","date_gmt":"2015-03-20T17:17:54","guid":{"rendered":"http:\/\/www.adufpb.org.br\/site\/?p=10628"},"modified":"2015-03-20T13:47:02","modified_gmt":"2015-03-20T17:47:02","slug":"grupo-de-teatro-da-adufpb-retoma-atividades","status":"publish","type":"post","link":"https:\/\/www.adufpb.org.br\/site\/grupo-de-teatro-da-adufpb-retoma-atividades\/","title":{"rendered":"Grupo de Teatro da ADUFPB retoma atividades"},"content":{"rendered":"<p dir=\"ltr\">O Grupo de Teatro da ADUFPB convida para o in\u00edcio das atividades de 2015. A primeira reuni\u00e3o do ano acontecer\u00e1 no dia 31 de mar\u00e7o, ter\u00e7a-feira, \u00e0s 18h, na Sede da Sindicato, localizada no Centro de Viv\u00eancia.<\/p>\n<p>De acordo com o diretor de Cultura da ADUFPB, professor Carlos Cartaxo, o grupo preparar\u00e1 a montagem \u201cExisto\u201d, sobre hist\u00f3rias de vidas na terceira idade. \u00a0As pessoas interessadas em participar devem comparecer na data e local para in\u00edcio das atividades art\u00edsticas.<\/p>\n<p><em>Fonte: Ascom ADUFPB<\/em><\/p>\n","protected":false},"excerpt":{"rendered":"<p>O Grupo de Teatro da ADUFPB convida para o in\u00edcio das atividades de 2015. A primeira reuni\u00e3o do ano acontecer\u00e1 no dia 31 de mar\u00e7o, ter\u00e7a-feira, \u00e0s 18h, na Sede da Sindicato, localizada no Centro de Viv\u00eancia. De acordo com o diretor de Cultura da ADUFPB, professor Carlos Cartaxo, o grupo preparar\u00e1 a montagem \u201cExisto\u201d,&hellip;<\/p>\n","protected":false},"author":3,"featured_media":0,"comment_status":"closed","ping_status":"closed","sticky":false,"template":"","format":"standard","meta":{"footnotes":""},"categories":[15],"tags":[410,375,343],"class_list":["post-10628","post","type-post","status-publish","format-standard","hentry","category-noticias","tag-cultura","tag-diretoria-de-cultura","tag-grupo-de-teatro","category-15","description-off"],"_links":{"self":[{"href":"https:\/\/www.adufpb.org.br\/site\/wp-json\/wp\/v2\/posts\/10628","targetHints":{"allow":["GET"]}}],"collection":[{"href":"https:\/\/www.adufpb.org.br\/site\/wp-json\/wp\/v2\/posts"}],"about":[{"href":"https:\/\/www.adufpb.org.br\/site\/wp-json\/wp\/v2\/types\/post"}],"author":[{"embeddable":true,"href":"https:\/\/www.adufpb.org.br\/site\/wp-json\/wp\/v2\/users\/3"}],"replies":[{"embeddable":true,"href":"https:\/\/www.adufpb.org.br\/site\/wp-json\/wp\/v2\/comments?post=10628"}],"version-history":[{"count":1,"href":"https:\/\/www.adufpb.org.br\/site\/wp-json\/wp\/v2\/posts\/10628\/revisions"}],"predecessor-version":[{"id":10629,"href":"https:\/\/www.adufpb.org.br\/site\/wp-json\/wp\/v2\/posts\/10628\/revisions\/10629"}],"wp:attachment":[{"href":"https:\/\/www.adufpb.org.br\/site\/wp-json\/wp\/v2\/media?parent=10628"}],"wp:term":[{"taxonomy":"category","embeddable":true,"href":"https:\/\/www.adufpb.org.br\/site\/wp-json\/wp\/v2\/categories?post=10628"},{"taxonomy":"post_tag","embeddable":true,"href":"https:\/\/www.adufpb.org.br\/site\/wp-json\/wp\/v2\/tags?post=10628"}],"curies":[{"name":"wp","href":"https:\/\/api.w.org\/{rel}","templated":true}]}}