{"id":1055,"date":"2010-05-05T11:47:35","date_gmt":"2010-05-05T15:47:35","guid":{"rendered":"http:\/\/www.adufpb.org.br\/site\/divulgada-relacao-de-inscritos-na-revista-conceitos-e-no-sede-de-leituras\/"},"modified":"2010-05-05T11:50:38","modified_gmt":"2010-05-05T15:50:38","slug":"divulgada-relacao-de-inscritos-na-revista-conceitos-e-no-sede-de-leituras","status":"publish","type":"post","link":"https:\/\/www.adufpb.org.br\/site\/divulgada-relacao-de-inscritos-na-revista-conceitos-e-no-sede-de-leituras\/","title":{"rendered":"Divulgada rela\u00e7\u00e3o de inscritos na Revista Conceitos e no Sede de Leituras"},"content":{"rendered":"<p><strong> <\/strong><\/p>\n<p><strong> <\/strong><\/p>\n<p><strong> <\/strong><\/p>\n<p><strong><\/p>\n<div id=\"_mcePaste\" style=\"position: absolute; left: -10000px; top: 1405px; width: 1px; height: 1px; overflow-x: hidden; overflow-y: hidden;\"><span style=\"font-weight: normal;\">Divulgada rela\u00e7\u00e3o de inscritos na Revista Conceitos e no Sede de Leituras<\/span><\/div>\n<div id=\"_mcePaste\" style=\"position: absolute; left: -10000px; top: 1405px; width: 1px; height: 1px; overflow-x: hidden; overflow-y: hidden;\"><span style=\"font-weight: normal;\">Vinte e seis artigos est\u00e3o inscritos para a 16\u00aa edi\u00e7\u00e3o da Revista Conceitos, editada pela ADUFPB. Agora os textos ser\u00e3o submetidos \u00e0 an\u00e1lise do Conselho Editorial, que vai verificar se os trabalhos est\u00e3o de acordo com as normas impostas pela publica\u00e7\u00e3o.<\/span><\/div>\n<div id=\"_mcePaste\" style=\"position: absolute; left: -10000px; top: 1405px; width: 1px; height: 1px; overflow-x: hidden; overflow-y: hidden;\"><span style=\"font-weight: normal;\">Este ano, as inscri\u00e7\u00f5es para a Conceitos puderam ser feitas tamb\u00e9m pelo site do Sindicato (www.adufpb.org.br), o que facilitou o processo. Prova disso \u00e9 que 70% dos trabalhos registrados foram encaminhados pela nova ferramenta.<\/span><\/div>\n<div id=\"_mcePaste\" style=\"position: absolute; left: -10000px; top: 1405px; width: 1px; height: 1px; overflow-x: hidden; overflow-y: hidden;\"><span style=\"font-weight: normal;\">A publica\u00e7\u00e3o e distribui\u00e7\u00e3o gratuita da 16\u00aa edi\u00e7\u00e3o da revista est\u00e3o previstas para acontecer no in\u00edcio do segundo semestre letivo, em agosto de 2010. No pr\u00f3ximo dia 20 de maio, haver\u00e1 a primeira reuni\u00e3o do Conselho Editorial, que \u00e9 formado por professores da UFPB e por docentes de outras institui\u00e7\u00f5es convidados pela ADUFPB. Depois disso, a estimativa \u00e9 de que dentro de uma semana seja publicada no site do Sindicato a rela\u00e7\u00e3o dos trabalhos aprovados.<\/span><\/div>\n<div id=\"_mcePaste\" style=\"position: absolute; left: -10000px; top: 1405px; width: 1px; height: 1px; overflow-x: hidden; overflow-y: hidden;\"><span style=\"font-weight: normal;\">Confira abaixo a rela\u00e7\u00e3o dos professores inscritos<\/span><\/div>\n<div id=\"_mcePaste\" style=\"position: absolute; left: -10000px; top: 1405px; width: 1px; height: 1px; overflow-x: hidden; overflow-y: hidden;\"><span style=\"font-weight: normal;\">1.<\/span><span style=\"white-space: pre;\"><span style=\"font-weight: normal;\"> <\/span><\/span><span style=\"font-weight: normal;\">Ana Paula Fragoso de Freitas<\/span><\/div>\n<div id=\"_mcePaste\" style=\"position: absolute; left: -10000px; top: 1405px; width: 1px; height: 1px; overflow-x: hidden; overflow-y: hidden;\"><span style=\"font-weight: normal;\">2.<\/span><span style=\"white-space: pre;\"><span style=\"font-weight: normal;\"> <\/span><\/span><span style=\"font-weight: normal;\">Aparecida Ramos de Meneses<\/span><\/div>\n<div id=\"_mcePaste\" style=\"position: absolute; left: -10000px; top: 1405px; width: 1px; height: 1px; overflow-x: hidden; overflow-y: hidden;\"><span style=\"font-weight: normal;\">3.<\/span><span style=\"white-space: pre;\"><span style=\"font-weight: normal;\"> <\/span><\/span><span style=\"font-weight: normal;\">Aurea Carneiro<\/span><\/div>\n<div id=\"_mcePaste\" style=\"position: absolute; left: -10000px; top: 1405px; width: 1px; height: 1px; overflow-x: hidden; overflow-y: hidden;\"><span style=\"font-weight: normal;\">4.<\/span><span style=\"white-space: pre;\"><span style=\"font-weight: normal;\"> <\/span><\/span><span style=\"font-weight: normal;\">Carlos Cartaxo<\/span><\/div>\n<div id=\"_mcePaste\" style=\"position: absolute; left: -10000px; top: 1405px; width: 1px; height: 1px; overflow-x: hidden; overflow-y: hidden;\"><span style=\"font-weight: normal;\">5.<\/span><span style=\"white-space: pre;\"><span style=\"font-weight: normal;\"> <\/span><\/span><span style=\"font-weight: normal;\">Cristiano Bonneau<\/span><\/div>\n<div id=\"_mcePaste\" style=\"position: absolute; left: -10000px; top: 1405px; width: 1px; height: 1px; overflow-x: hidden; overflow-y: hidden;\"><span style=\"font-weight: normal;\">6.<\/span><span style=\"white-space: pre;\"><span style=\"font-weight: normal;\"> <\/span><\/span><span style=\"font-weight: normal;\">Dinarte Varela<\/span><\/div>\n<div id=\"_mcePaste\" style=\"position: absolute; left: -10000px; top: 1405px; width: 1px; height: 1px; overflow-x: hidden; overflow-y: hidden;\"><span style=\"font-weight: normal;\">7.<\/span><span style=\"white-space: pre;\"><span style=\"font-weight: normal;\"> <\/span><\/span><span style=\"font-weight: normal;\">\u00c9der da Silva Dantas<\/span><\/div>\n<div id=\"_mcePaste\" style=\"position: absolute; left: -10000px; top: 1405px; width: 1px; height: 1px; overflow-x: hidden; overflow-y: hidden;\"><span style=\"font-weight: normal;\">8.<\/span><span style=\"white-space: pre;\"><span style=\"font-weight: normal;\"> <\/span><\/span><span style=\"font-weight: normal;\">Eug\u00eania Correia Krutzen<\/span><\/div>\n<div id=\"_mcePaste\" style=\"position: absolute; left: -10000px; top: 1405px; width: 1px; height: 1px; overflow-x: hidden; overflow-y: hidden;\"><span style=\"font-weight: normal;\">9.<\/span><span style=\"white-space: pre;\"><span style=\"font-weight: normal;\"> <\/span><\/span><span style=\"font-weight: normal;\">Edil Ferreira da Silva<\/span><\/div>\n<div id=\"_mcePaste\" style=\"position: absolute; left: -10000px; top: 1405px; width: 1px; height: 1px; overflow-x: hidden; overflow-y: hidden;\"><span style=\"font-weight: normal;\">10.<\/span><span style=\"white-space: pre;\"><span style=\"font-weight: normal;\"> <\/span><\/span><span style=\"font-weight: normal;\">Jaldes Reis de Meneses<\/span><\/div>\n<div id=\"_mcePaste\" style=\"position: absolute; left: -10000px; top: 1405px; width: 1px; height: 1px; overflow-x: hidden; overflow-y: hidden;\"><span style=\"font-weight: normal;\">11.<\/span><span style=\"white-space: pre;\"><span style=\"font-weight: normal;\"> <\/span><\/span><span style=\"font-weight: normal;\">Jorge Chaves Cordeiro<\/span><\/div>\n<div id=\"_mcePaste\" style=\"position: absolute; left: -10000px; top: 1405px; width: 1px; height: 1px; overflow-x: hidden; overflow-y: hidden;\"><span style=\"font-weight: normal;\">12.<\/span><span style=\"white-space: pre;\"><span style=\"font-weight: normal;\"> <\/span><\/span><span style=\"font-weight: normal;\">Jos\u00e9 Ant\u00f4nio Novaes da Silva<\/span><\/div>\n<div id=\"_mcePaste\" style=\"position: absolute; left: -10000px; top: 1405px; width: 1px; height: 1px; overflow-x: hidden; overflow-y: hidden;\"><span style=\"font-weight: normal;\">13.<\/span><span style=\"white-space: pre;\"><span style=\"font-weight: normal;\"> <\/span><\/span><span style=\"font-weight: normal;\">Juan Carlos Vinas Cortez<\/span><\/div>\n<div id=\"_mcePaste\" style=\"position: absolute; left: -10000px; top: 1405px; width: 1px; height: 1px; overflow-x: hidden; overflow-y: hidden;\"><span style=\"font-weight: normal;\">14.<\/span><span style=\"white-space: pre;\"><span style=\"font-weight: normal;\"> <\/span><\/span><span style=\"font-weight: normal;\">Judy Mauria Gueiros Rosas<\/span><\/div>\n<div id=\"_mcePaste\" style=\"position: absolute; left: -10000px; top: 1405px; width: 1px; height: 1px; overflow-x: hidden; overflow-y: hidden;\"><span style=\"font-weight: normal;\">15.<\/span><span style=\"white-space: pre;\"><span style=\"font-weight: normal;\"> <\/span><\/span><span style=\"font-weight: normal;\">Luiz Pereira da Silva Junior<\/span><\/div>\n<div id=\"_mcePaste\" style=\"position: absolute; left: -10000px; top: 1405px; width: 1px; height: 1px; overflow-x: hidden; overflow-y: hidden;\"><span style=\"font-weight: normal;\">16.<\/span><span style=\"white-space: pre;\"><span style=\"font-weight: normal;\"> <\/span><\/span><span style=\"font-weight: normal;\">Marcello Bulh\u00f5es Martins<\/span><\/div>\n<div id=\"_mcePaste\" style=\"position: absolute; left: -10000px; top: 1405px; width: 1px; height: 1px; overflow-x: hidden; overflow-y: hidden;\"><span style=\"font-weight: normal;\">17.<\/span><span style=\"white-space: pre;\"><span style=\"font-weight: normal;\"> <\/span><\/span><span style=\"font-weight: normal;\">Maria Lucia de Oliveira<\/span><\/div>\n<div id=\"_mcePaste\" style=\"position: absolute; left: -10000px; top: 1405px; width: 1px; height: 1px; overflow-x: hidden; overflow-y: hidden;\"><span style=\"font-weight: normal;\">18.<\/span><span style=\"white-space: pre;\"><span style=\"font-weight: normal;\"> <\/span><\/span><span style=\"font-weight: normal;\">Martin L. Christoffersen<\/span><\/div>\n<div id=\"_mcePaste\" style=\"position: absolute; left: -10000px; top: 1405px; width: 1px; height: 1px; overflow-x: hidden; overflow-y: hidden;\"><span style=\"font-weight: normal;\">19.<\/span><span style=\"white-space: pre;\"><span style=\"font-weight: normal;\"> <\/span><\/span><span style=\"font-weight: normal;\">Marcelo Fernando Bulh\u00f5es Martins<\/span><\/div>\n<div id=\"_mcePaste\" style=\"position: absolute; left: -10000px; top: 1405px; width: 1px; height: 1px; overflow-x: hidden; overflow-y: hidden;\"><span style=\"font-weight: normal;\">20.<\/span><span style=\"white-space: pre;\"><span style=\"font-weight: normal;\"> <\/span><\/span><span style=\"font-weight: normal;\">Patr\u00edcia Barreto Cavalcanti<\/span><\/div>\n<div id=\"_mcePaste\" style=\"position: absolute; left: -10000px; top: 1405px; width: 1px; height: 1px; overflow-x: hidden; overflow-y: hidden;\"><span style=\"font-weight: normal;\">21.<\/span><span style=\"white-space: pre;\"><span style=\"font-weight: normal;\"> <\/span><\/span><span style=\"font-weight: normal;\">Paulo C\u00e9sar Geglio<\/span><\/div>\n<div id=\"_mcePaste\" style=\"position: absolute; left: -10000px; top: 1405px; width: 1px; height: 1px; overflow-x: hidden; overflow-y: hidden;\"><span style=\"font-weight: normal;\">22.<\/span><span style=\"white-space: pre;\"><span style=\"font-weight: normal;\"> <\/span><\/span><span style=\"font-weight: normal;\">Pierre Normando Gomes-da-Silva<\/span><\/div>\n<div id=\"_mcePaste\" style=\"position: absolute; left: -10000px; top: 1405px; width: 1px; height: 1px; overflow-x: hidden; overflow-y: hidden;\"><span style=\"font-weight: normal;\">23.<\/span><span style=\"white-space: pre;\"><span style=\"font-weight: normal;\"> <\/span><\/span><span style=\"font-weight: normal;\">Robson Xavier da Costa<\/span><\/div>\n<div id=\"_mcePaste\" style=\"position: absolute; left: -10000px; top: 1405px; width: 1px; height: 1px; overflow-x: hidden; overflow-y: hidden;\"><span style=\"font-weight: normal;\">24.<\/span><span style=\"white-space: pre;\"><span style=\"font-weight: normal;\"> <\/span><\/span><span style=\"font-weight: normal;\">Rog\u00e9rio Moreira de Almeida<\/span><\/div>\n<div id=\"_mcePaste\" style=\"position: absolute; left: -10000px; top: 1405px; width: 1px; height: 1px; overflow-x: hidden; overflow-y: hidden;\"><span style=\"font-weight: normal;\">25.<\/span><span style=\"white-space: pre;\"><span style=\"font-weight: normal;\"> <\/span><\/span><span style=\"font-weight: normal;\">Romero Ven\u00e2ncio<\/span><\/div>\n<div id=\"_mcePaste\" style=\"position: absolute; left: -10000px; top: 1405px; width: 1px; height: 1px; overflow-x: hidden; overflow-y: hidden;\"><span style=\"font-weight: normal;\">26.<\/span><span style=\"white-space: pre;\"><span style=\"font-weight: normal;\"> <\/span><\/span><span style=\"font-weight: normal;\">Romualdo Rodrigues Palhano<\/span><\/div>\n<div id=\"_mcePaste\" style=\"position: absolute; left: -10000px; top: 1405px; width: 1px; height: 1px; overflow-x: hidden; overflow-y: hidden;\"><span style=\"font-weight: normal;\">Sede de Leitura<\/span><\/div>\n<div id=\"_mcePaste\" style=\"position: absolute; left: -10000px; top: 1405px; width: 1px; height: 1px; overflow-x: hidden; overflow-y: hidden;\"><span style=\"font-weight: normal;\">Tamb\u00e9m foram encerradas as inscri\u00e7\u00f5es para a primeira edi\u00e7\u00e3o deste ano do projeto Sede de Leitura, que realiza o lan\u00e7amento e divulga\u00e7\u00e3o de publica\u00e7\u00f5es rec\u00e9m editadas de professores da UFPB filiados ao Sindicato. Este ano, a ADUFPB recebeu 13 publica\u00e7\u00f5es de autoria de 25 docentes (quatro trabalhos s\u00e3o assinados por mais de um autor).<\/span><\/div>\n<div id=\"_mcePaste\" style=\"position: absolute; left: -10000px; top: 1405px; width: 1px; height: 1px; overflow-x: hidden; overflow-y: hidden;\"><span style=\"font-weight: normal;\">O evento est\u00e1 marcado para acontecer no dia 28 de maio, com um coquetel para convidados e apresenta\u00e7\u00e3o musical, na sede sociocultural da ADUFPB, localizada no bairro do Cabo Branco (pr\u00f3xima ao Jangada Clube). O Sede de Leitura oferece, ainda, a divulga\u00e7\u00e3o do lan\u00e7amento no site da ADUFPB e nos diversos ve\u00edculos de m\u00eddia (jornal, r\u00e1dio, televis\u00e3o, internet, cartazes e convites).<\/span><\/div>\n<div id=\"_mcePaste\" style=\"position: absolute; left: -10000px; top: 1405px; width: 1px; height: 1px; overflow-x: hidden; overflow-y: hidden;\"><span style=\"font-weight: normal;\">Confira a rela\u00e7\u00e3o de autores inscritos<\/span><\/div>\n<div id=\"_mcePaste\" style=\"position: absolute; left: -10000px; top: 1405px; width: 1px; height: 1px; overflow-x: hidden; overflow-y: hidden;\"><span style=\"font-weight: normal;\">1.<\/span><span style=\"white-space: pre;\"><span style=\"font-weight: normal;\"> <\/span><\/span><span style=\"font-weight: normal;\">Sueli Meira Liebig<\/span><\/div>\n<div id=\"_mcePaste\" style=\"position: absolute; left: -10000px; top: 1405px; width: 1px; height: 1px; overflow-x: hidden; overflow-y: hidden;\"><span style=\"font-weight: normal;\">2.<\/span><span style=\"white-space: pre;\"><span style=\"font-weight: normal;\"> <\/span><\/span><span style=\"font-weight: normal;\">Eul\u00e2pio Jos\u00e9 da Silva Neto<\/span><\/div>\n<div id=\"_mcePaste\" style=\"position: absolute; left: -10000px; top: 1405px; width: 1px; height: 1px; overflow-x: hidden; overflow-y: hidden;\"><span style=\"font-weight: normal;\">3.<\/span><span style=\"white-space: pre;\"><span style=\"font-weight: normal;\"> <\/span><\/span><span style=\"font-weight: normal;\">Manuel Luis Melo<\/span><\/div>\n<div id=\"_mcePaste\" style=\"position: absolute; left: -10000px; top: 1405px; width: 1px; height: 1px; overflow-x: hidden; overflow-y: hidden;\"><span style=\"font-weight: normal;\">4.<\/span><span style=\"white-space: pre;\"><span style=\"font-weight: normal;\"> <\/span><\/span><span style=\"font-weight: normal;\">Maria do Socorro Barbosa<\/span><\/div>\n<div id=\"_mcePaste\" style=\"position: absolute; left: -10000px; top: 1405px; width: 1px; height: 1px; overflow-x: hidden; overflow-y: hidden;\"><span style=\"font-weight: normal;\">5.<\/span><span style=\"white-space: pre;\"><span style=\"font-weight: normal;\"> <\/span><\/span><span style=\"font-weight: normal;\">Mary Yale Neves<\/span><\/div>\n<div id=\"_mcePaste\" style=\"position: absolute; left: -10000px; top: 1405px; width: 1px; height: 1px; overflow-x: hidden; overflow-y: hidden;\"><span style=\"font-weight: normal;\">6.<\/span><span style=\"white-space: pre;\"><span style=\"font-weight: normal;\"> <\/span><\/span><span style=\"font-weight: normal;\">An\u00edsio Jos\u00e9 da Silva Ara\u00fajo<\/span><\/div>\n<div id=\"_mcePaste\" style=\"position: absolute; left: -10000px; top: 1405px; width: 1px; height: 1px; overflow-x: hidden; overflow-y: hidden;\"><span style=\"font-weight: normal;\">7.<\/span><span style=\"white-space: pre;\"><span style=\"font-weight: normal;\"> <\/span><\/span><span style=\"font-weight: normal;\">Sarita Braz\u00e3o Vieira<\/span><\/div>\n<div id=\"_mcePaste\" style=\"position: absolute; left: -10000px; top: 1405px; width: 1px; height: 1px; overflow-x: hidden; overflow-y: hidden;\"><span style=\"font-weight: normal;\">8.<\/span><span style=\"white-space: pre;\"><span style=\"font-weight: normal;\"> <\/span><\/span><span style=\"font-weight: normal;\">Maria de F\u00e1tima Pereira<\/span><\/div>\n<div id=\"_mcePaste\" style=\"position: absolute; left: -10000px; top: 1405px; width: 1px; height: 1px; overflow-x: hidden; overflow-y: hidden;\"><span style=\"font-weight: normal;\">9.<\/span><span style=\"white-space: pre;\"><span style=\"font-weight: normal;\"> <\/span><\/span><span style=\"font-weight: normal;\">Jos\u00e9 Fl\u00e1vio da Silva<\/span><\/div>\n<div id=\"_mcePaste\" style=\"position: absolute; left: -10000px; top: 1405px; width: 1px; height: 1px; overflow-x: hidden; overflow-y: hidden;\"><span style=\"font-weight: normal;\">10.<\/span><span style=\"white-space: pre;\"><span style=\"font-weight: normal;\"> <\/span><\/span><span style=\"font-weight: normal;\">Arturo Gouveia<\/span><\/div>\n<div id=\"_mcePaste\" style=\"position: absolute; left: -10000px; top: 1405px; width: 1px; height: 1px; overflow-x: hidden; overflow-y: hidden;\"><span style=\"font-weight: normal;\">11.<\/span><span style=\"white-space: pre;\"><span style=\"font-weight: normal;\"> <\/span><\/span><span style=\"font-weight: normal;\">Wokciech Andrzej Kuleska<\/span><\/div>\n<div id=\"_mcePaste\" style=\"position: absolute; left: -10000px; top: 1405px; width: 1px; height: 1px; overflow-x: hidden; overflow-y: hidden;\"><span style=\"font-weight: normal;\">12.<\/span><span style=\"white-space: pre;\"><span style=\"font-weight: normal;\"> <\/span><\/span><span style=\"font-weight: normal;\">Carlos Augusto de Amorim Cardoso<\/span><\/div>\n<div id=\"_mcePaste\" style=\"position: absolute; left: -10000px; top: 1405px; width: 1px; height: 1px; overflow-x: hidden; overflow-y: hidden;\"><span style=\"font-weight: normal;\">13.<\/span><span style=\"white-space: pre;\"><span style=\"font-weight: normal;\"> <\/span><\/span><span style=\"font-weight: normal;\">Ricardo de Figueiredo Lucena<\/span><\/div>\n<div id=\"_mcePaste\" style=\"position: absolute; left: -10000px; top: 1405px; width: 1px; height: 1px; overflow-x: hidden; overflow-y: hidden;\"><span style=\"font-weight: normal;\">14.<\/span><span style=\"white-space: pre;\"><span style=\"font-weight: normal;\"> <\/span><\/span><span style=\"font-weight: normal;\">Swamy de Paula Lima Soares<\/span><\/div>\n<div id=\"_mcePaste\" style=\"position: absolute; left: -10000px; top: 1405px; width: 1px; height: 1px; overflow-x: hidden; overflow-y: hidden;\"><span style=\"font-weight: normal;\">15.<\/span><span style=\"white-space: pre;\"><span style=\"font-weight: normal;\"> <\/span><\/span><span style=\"font-weight: normal;\">Erenildo Jo\u00e3o Carlos<\/span><\/div>\n<div id=\"_mcePaste\" style=\"position: absolute; left: -10000px; top: 1405px; width: 1px; height: 1px; overflow-x: hidden; overflow-y: hidden;\"><span style=\"font-weight: normal;\">16.<\/span><span style=\"white-space: pre;\"><span style=\"font-weight: normal;\"> <\/span><\/span><span style=\"font-weight: normal;\">Maria do Socorro Vieira Pereira<\/span><\/div>\n<div id=\"_mcePaste\" style=\"position: absolute; left: -10000px; top: 1405px; width: 1px; height: 1px; overflow-x: hidden; overflow-y: hidden;\"><span style=\"font-weight: normal;\">17.<\/span><span style=\"white-space: pre;\"><span style=\"font-weight: normal;\"> <\/span><\/span><span style=\"font-weight: normal;\">Jozinete Vieira Pereira<\/span><\/div>\n<div id=\"_mcePaste\" style=\"position: absolute; left: -10000px; top: 1405px; width: 1px; height: 1px; overflow-x: hidden; overflow-y: hidden;\"><span style=\"font-weight: normal;\">18.<\/span><span style=\"white-space: pre;\"><span style=\"font-weight: normal;\"> <\/span><\/span><span style=\"font-weight: normal;\">Ana Carolina Albuquerque<\/span><\/div>\n<div id=\"_mcePaste\" style=\"position: absolute; left: -10000px; top: 1405px; width: 1px; height: 1px; overflow-x: hidden; overflow-y: hidden;\"><span style=\"font-weight: normal;\">19.<\/span><span style=\"white-space: pre;\"><span style=\"font-weight: normal;\"> <\/span><\/span><span style=\"font-weight: normal;\">Cristina Ara\u00fajo<\/span><\/div>\n<div id=\"_mcePaste\" style=\"position: absolute; left: -10000px; top: 1405px; width: 1px; height: 1px; overflow-x: hidden; overflow-y: hidden;\"><span style=\"font-weight: normal;\">20.<\/span><span style=\"white-space: pre;\"><span style=\"font-weight: normal;\"> <\/span><\/span><span style=\"font-weight: normal;\">Denize Diniz<\/span><\/div>\n<div id=\"_mcePaste\" style=\"position: absolute; left: -10000px; top: 1405px; width: 1px; height: 1px; overflow-x: hidden; overflow-y: hidden;\"><span style=\"font-weight: normal;\">21.<\/span><span style=\"white-space: pre;\"><span style=\"font-weight: normal;\"> <\/span><\/span><span style=\"font-weight: normal;\">Maria Regina<\/span><\/div>\n<div id=\"_mcePaste\" style=\"position: absolute; left: -10000px; top: 1405px; width: 1px; height: 1px; overflow-x: hidden; overflow-y: hidden;\"><span style=\"font-weight: normal;\">22.<\/span><span style=\"white-space: pre;\"><span style=\"font-weight: normal;\"> <\/span><\/span><span style=\"font-weight: normal;\">Polliana Alves<\/span><\/div>\n<div id=\"_mcePaste\" style=\"position: absolute; left: -10000px; top: 1405px; width: 1px; height: 1px; overflow-x: hidden; overflow-y: hidden;\"><span style=\"font-weight: normal;\">23.<\/span><span style=\"white-space: pre;\"><span style=\"font-weight: normal;\"> <\/span><\/span><span style=\"font-weight: normal;\">Jos\u00e9 Procopio da Silveira<\/span><\/div>\n<div id=\"_mcePaste\" style=\"position: absolute; left: -10000px; top: 1405px; width: 1px; height: 1px; overflow-x: hidden; overflow-y: hidden;\"><span style=\"font-weight: normal;\">24.<\/span><span style=\"white-space: pre;\"><span style=\"font-weight: normal;\"> <\/span><\/span><span style=\"font-weight: normal;\">Romeu Fernandes de Carvalho<\/span><\/div>\n<div id=\"_mcePaste\" style=\"position: absolute; left: -10000px; top: 1405px; width: 1px; height: 1px; overflow-x: hidden; overflow-y: hidden;\"><span style=\"font-weight: normal;\">25.<\/span><span style=\"white-space: pre;\"><span style=\"font-weight: normal;\"> <\/span><\/span><span style=\"font-weight: normal;\">Maria Bernadete de Sousa Costa<\/span><\/div>\n<p><span style=\"font-weight: normal;\"><strong> <\/strong><\/span><\/p>\n<p><strong> <\/strong><\/p>\n<p><strong><\/p>\n<p style=\"display: inline !important;\"><span style=\"font-weight: normal;\"><img loading=\"lazy\" decoding=\"async\" class=\"alignleft size-full wp-image-354\" title=\"LIVROS E CONCEITOS\" src=\"http:\/\/www.adufpb.org.br\/site\/wp-content\/uploads\/2009\/09\/LIVROS-E-CONCEITOS.jpg\" alt=\"LIVROS E CONCEITOS\" width=\"250\" height=\"167\" \/>Vinte e seis artigos est\u00e3o inscritos para a 16\u00aa edi\u00e7\u00e3o da Revista Conceitos, editada pela ADUFPB. Agora os textos ser\u00e3o submetidos \u00e0 an\u00e1lise do Conselho Editorial, que vai verificar se os trabalhos est\u00e3o de acordo com as normas impostas pela publica\u00e7\u00e3o.<\/span><\/p>\n<p><\/strong><\/p>\n<p><span style=\"font-weight: normal;\">Este ano, as inscri\u00e7\u00f5es para a Conceitos puderam ser feitas tamb\u00e9m pelo site do Sindicato (www.adufpb.org.br), o que facilitou o processo. Prova disso \u00e9 que 70% dos trabalhos registrados foram encaminhados pela nova ferramenta.<\/span><\/p>\n<p><span style=\"font-weight: normal;\">A publica\u00e7\u00e3o e distribui\u00e7\u00e3o gratuita da 16\u00aa edi\u00e7\u00e3o da revista est\u00e3o previstas para acontecer no in\u00edcio do segundo semestre letivo, em agosto de 2010. No pr\u00f3ximo dia 20 de maio, haver\u00e1 a primeira reuni\u00e3o do Conselho Editorial, que \u00e9 formado por professores da UFPB e por docentes de outras institui\u00e7\u00f5es convidados pela ADUFPB. Depois disso, a estimativa \u00e9 de que dentro de uma semana seja publicada no site do Sindicato a rela\u00e7\u00e3o dos trabalhos aprovados.<\/span><\/p>\n<p><span style=\"font-weight: normal;\"><br \/>\n<\/span><\/p>\n<p>Confira abaixo a rela\u00e7\u00e3o dos professores inscritos<\/p>\n<p><span style=\"font-weight: normal;\">1.<\/span><span style=\"white-space: pre;\"><span style=\"font-weight: normal;\"> <\/span><\/span><span style=\"font-weight: normal;\">Ana Paula Fragoso de Freitas<\/span><\/p>\n<p><span style=\"font-weight: normal;\">2.<\/span><span style=\"white-space: pre;\"><span style=\"font-weight: normal;\"> <\/span><\/span><span style=\"font-weight: normal;\">Aparecida Ramos de Meneses<\/span><\/p>\n<p><span style=\"font-weight: normal;\">3.<\/span><span style=\"white-space: pre;\"><span style=\"font-weight: normal;\"> <\/span><\/span><span style=\"font-weight: normal;\">Aurea Carneiro<\/span><\/p>\n<p><span style=\"font-weight: normal;\">4.<\/span><span style=\"white-space: pre;\"><span style=\"font-weight: normal;\"> <\/span><\/span><span style=\"font-weight: normal;\">Carlos Cartaxo<\/span><\/p>\n<p><span style=\"font-weight: normal;\">5.<\/span><span style=\"white-space: pre;\"><span style=\"font-weight: normal;\"> <\/span><\/span><span style=\"font-weight: normal;\">Cristiano Bonneau<\/span><\/p>\n<p><span style=\"font-weight: normal;\">6.<\/span><span style=\"white-space: pre;\"><span style=\"font-weight: normal;\"> <\/span><\/span><span style=\"font-weight: normal;\">Dinarte Varela<\/span><\/p>\n<p><span style=\"font-weight: normal;\">7.<\/span><span style=\"white-space: pre;\"><span style=\"font-weight: normal;\"> <\/span><\/span><span style=\"font-weight: normal;\">\u00c9der da Silva Dantas<\/span><\/p>\n<p><span style=\"font-weight: normal;\">8.<\/span><span style=\"white-space: pre;\"><span style=\"font-weight: normal;\"> <\/span><\/span><span style=\"font-weight: normal;\">Eug\u00eania Correia Krutzen<\/span><\/p>\n<p><span style=\"font-weight: normal;\">9.<\/span><span style=\"white-space: pre;\"><span style=\"font-weight: normal;\"> <\/span><\/span><span style=\"font-weight: normal;\">Edil Ferreira da Silva<\/span><\/p>\n<p><span style=\"font-weight: normal;\">10.<\/span><span style=\"white-space: pre;\"><span style=\"font-weight: normal;\"> <\/span><\/span><span style=\"font-weight: normal;\">Jaldes Reis de Meneses<\/span><\/p>\n<p><span style=\"font-weight: normal;\">11.<\/span><span style=\"white-space: pre;\"><span style=\"font-weight: normal;\"> <\/span><\/span><span style=\"font-weight: normal;\">Jorge Chaves Cordeiro<\/span><\/p>\n<p><span style=\"font-weight: normal;\">12.<\/span><span style=\"white-space: pre;\"><span style=\"font-weight: normal;\"> <\/span><\/span><span style=\"font-weight: normal;\">Jos\u00e9 Ant\u00f4nio Novaes da Silva<\/span><\/p>\n<p><span style=\"font-weight: normal;\">13.<\/span><span style=\"white-space: pre;\"><span style=\"font-weight: normal;\"> <\/span><\/span><span style=\"font-weight: normal;\">Juan Carlos Vinas Cortez<\/span><\/p>\n<p><span style=\"font-weight: normal;\">14.<\/span><span style=\"white-space: pre;\"><span style=\"font-weight: normal;\"> <\/span><\/span><span style=\"font-weight: normal;\">Judy Mauria Gueiros Rosas<\/span><\/p>\n<p><span style=\"font-weight: normal;\">15.<\/span><span style=\"white-space: pre;\"><span style=\"font-weight: normal;\"> <\/span><\/span><span style=\"font-weight: normal;\">Luiz Pereira da Silva Junior<\/span><\/p>\n<p><span style=\"font-weight: normal;\">16.<\/span><span style=\"white-space: pre;\"><span style=\"font-weight: normal;\"> <\/span><\/span><span style=\"font-weight: normal;\">Marcello Bulh\u00f5es Martins<\/span><\/p>\n<p><span style=\"font-weight: normal;\">17.<\/span><span style=\"white-space: pre;\"><span style=\"font-weight: normal;\"> <\/span><\/span><span style=\"font-weight: normal;\">Maria Lucia de Oliveira<\/span><\/p>\n<p><span style=\"font-weight: normal;\">18.<\/span><span style=\"white-space: pre;\"><span style=\"font-weight: normal;\"> <\/span><\/span><span style=\"font-weight: normal;\">Martin L. Christoffersen<\/span><\/p>\n<p><span style=\"font-weight: normal;\">19.<\/span><span style=\"white-space: pre;\"><span style=\"font-weight: normal;\"> <\/span><\/span><span style=\"font-weight: normal;\">Marcelo Fernando Bulh\u00f5es Martins<\/span><\/p>\n<p><span style=\"font-weight: normal;\">20.<\/span><span style=\"white-space: pre;\"><span style=\"font-weight: normal;\"> <\/span><\/span><span style=\"font-weight: normal;\">Patr\u00edcia Barreto Cavalcanti<\/span><\/p>\n<p><span style=\"font-weight: normal;\">21.<\/span><span style=\"white-space: pre;\"><span style=\"font-weight: normal;\"> <\/span><\/span><span style=\"font-weight: normal;\">Paulo C\u00e9sar Geglio<\/span><\/p>\n<p><span style=\"font-weight: normal;\">22.<\/span><span style=\"white-space: pre;\"><span style=\"font-weight: normal;\"> <\/span><\/span><span style=\"font-weight: normal;\">Pierre Normando Gomes-da-Silva<\/span><\/p>\n<p><span style=\"font-weight: normal;\">23.<\/span><span style=\"white-space: pre;\"><span style=\"font-weight: normal;\"> <\/span><\/span><span style=\"font-weight: normal;\">Robson Xavier da Costa<\/span><\/p>\n<p><span style=\"font-weight: normal;\">24.<\/span><span style=\"white-space: pre;\"><span style=\"font-weight: normal;\"> <\/span><\/span><span style=\"font-weight: normal;\">Rog\u00e9rio Moreira de Almeida<\/span><\/p>\n<p><span style=\"font-weight: normal;\">25.<\/span><span style=\"white-space: pre;\"><span style=\"font-weight: normal;\"> <\/span><\/span><span style=\"font-weight: normal;\">Romero Ven\u00e2ncio<\/span><\/p>\n<p><span style=\"font-weight: normal;\">26.<\/span><span style=\"white-space: pre;\"><span style=\"font-weight: normal;\"> <\/span><\/span><span style=\"font-weight: normal;\">Romualdo Rodrigues Palhano<\/span><\/p>\n<p><span style=\"font-weight: normal;\"><br \/>\n<\/span><\/p>\n<p>Sede de Leitura<\/p>\n<p><span style=\"font-weight: normal;\">Tamb\u00e9m foram encerradas as inscri\u00e7\u00f5es para a primeira edi\u00e7\u00e3o deste ano do projeto Sede de Leitura, que realiza o lan\u00e7amento e divulga\u00e7\u00e3o de publica\u00e7\u00f5es rec\u00e9m editadas de professores da UFPB filiados ao Sindicato. Este ano, a ADUFPB recebeu 13 publica\u00e7\u00f5es de autoria de 25 docentes (quatro trabalhos s\u00e3o assinados por mais de um autor).<\/span><\/p>\n<p><span style=\"font-weight: normal;\">O evento est\u00e1 marcado para acontecer no dia 28 de maio, com um coquetel para convidados e apresenta\u00e7\u00e3o musical, na sede sociocultural da ADUFPB, localizada no bairro do Cabo Branco (pr\u00f3xima ao Jangada Clube). O Sede de Leitura oferece, ainda, a divulga\u00e7\u00e3o do lan\u00e7amento no site da ADUFPB e nos diversos ve\u00edculos de m\u00eddia (jornal, r\u00e1dio, televis\u00e3o, internet, cartazes e convites).<\/span><\/p>\n<p><span style=\"font-weight: normal;\"><br \/>\n<\/span><\/p>\n<p>Confira a rela\u00e7\u00e3o de autores inscritos<\/p>\n<p><span style=\"font-weight: normal;\">1.<\/span><span style=\"white-space: pre;\"><span style=\"font-weight: normal;\"> <\/span><\/span><span style=\"font-weight: normal;\">Sueli Meira Liebig<\/span><\/p>\n<p><span style=\"font-weight: normal;\">2.<\/span><span style=\"white-space: pre;\"><span style=\"font-weight: normal;\"> <\/span><\/span><span style=\"font-weight: normal;\">Eul\u00e2pio Jos\u00e9 da Silva Neto<\/span><\/p>\n<p><span style=\"font-weight: normal;\">3.<\/span><span style=\"white-space: pre;\"><span style=\"font-weight: normal;\"> <\/span><\/span><span style=\"font-weight: normal;\">Manuel Luis Melo<\/span><\/p>\n<p><span style=\"font-weight: normal;\">4.<\/span><span style=\"white-space: pre;\"><span style=\"font-weight: normal;\"> <\/span><\/span><span style=\"font-weight: normal;\">Maria do Socorro Barbosa<\/span><\/p>\n<p><span style=\"font-weight: normal;\">5.<\/span><span style=\"white-space: pre;\"><span style=\"font-weight: normal;\"> <\/span><\/span><span style=\"font-weight: normal;\">Mary Yale Neves<\/span><\/p>\n<p><span style=\"font-weight: normal;\">6.<\/span><span style=\"white-space: pre;\"><span style=\"font-weight: normal;\"> <\/span><\/span><span style=\"font-weight: normal;\">An\u00edsio Jos\u00e9 da Silva Ara\u00fajo<\/span><\/p>\n<p><span style=\"font-weight: normal;\">7.<\/span><span style=\"white-space: pre;\"><span style=\"font-weight: normal;\"> <\/span><\/span><span style=\"font-weight: normal;\">Sarita Braz\u00e3o Vieira<\/span><\/p>\n<p><span style=\"font-weight: normal;\">8.<\/span><span style=\"white-space: pre;\"><span style=\"font-weight: normal;\"> <\/span><\/span><span style=\"font-weight: normal;\">Maria de F\u00e1tima Pereira<\/span><\/p>\n<p><span style=\"font-weight: normal;\">9.<\/span><span style=\"white-space: pre;\"><span style=\"font-weight: normal;\"> <\/span><\/span><span style=\"font-weight: normal;\">Jos\u00e9 Fl\u00e1vio da Silva<\/span><\/p>\n<p><span style=\"font-weight: normal;\">10.<\/span><span style=\"white-space: pre;\"><span style=\"font-weight: normal;\"> <\/span><\/span><span style=\"font-weight: normal;\">Arturo Gouveia<\/span><\/p>\n<p><span style=\"font-weight: normal;\">11.<\/span><span style=\"white-space: pre;\"><span style=\"font-weight: normal;\"> <\/span><\/span><span style=\"font-weight: normal;\">Wokciech Andrzej Kuleska<\/span><\/p>\n<p><span style=\"font-weight: normal;\">12.<\/span><span style=\"white-space: pre;\"><span style=\"font-weight: normal;\"> <\/span><\/span><span style=\"font-weight: normal;\">Carlos Augusto de Amorim Cardoso<\/span><\/p>\n<p><span style=\"font-weight: normal;\">13.<\/span><span style=\"white-space: pre;\"><span style=\"font-weight: normal;\"> <\/span><\/span><span style=\"font-weight: normal;\">Ricardo de Figueiredo Lucena<\/span><\/p>\n<p><span style=\"font-weight: normal;\">14.<\/span><span style=\"white-space: pre;\"><span style=\"font-weight: normal;\"> <\/span><\/span><span style=\"font-weight: normal;\">Swamy de Paula Lima Soares<\/span><\/p>\n<p><span style=\"font-weight: normal;\">15.<\/span><span style=\"white-space: pre;\"><span style=\"font-weight: normal;\"> <\/span><\/span><span style=\"font-weight: normal;\">Erenildo Jo\u00e3o Carlos<\/span><\/p>\n<p><span style=\"font-weight: normal;\">16.<\/span><span style=\"white-space: pre;\"><span style=\"font-weight: normal;\"> <\/span><\/span><span style=\"font-weight: normal;\">Maria do Socorro Vieira Pereira<\/span><\/p>\n<p><span style=\"font-weight: normal;\">17.<\/span><span style=\"white-space: pre;\"><span style=\"font-weight: normal;\"> <\/span><\/span><span style=\"font-weight: normal;\">Jozinete Vieira Pereira<\/span><\/p>\n<p><span style=\"font-weight: normal;\">18.<\/span><span style=\"white-space: pre;\"><span style=\"font-weight: normal;\"> <\/span><\/span><span style=\"font-weight: normal;\">Ana Carolina Albuquerque<\/span><\/p>\n<p><span style=\"font-weight: normal;\">19.<\/span><span style=\"white-space: pre;\"><span style=\"font-weight: normal;\"> <\/span><\/span><span style=\"font-weight: normal;\">Cristina Ara\u00fajo<\/span><\/p>\n<p><span style=\"font-weight: normal;\">20.<\/span><span style=\"white-space: pre;\"><span style=\"font-weight: normal;\"> <\/span><\/span><span style=\"font-weight: normal;\">Denize Diniz<\/span><\/p>\n<p><span style=\"font-weight: normal;\">21.<\/span><span style=\"white-space: pre;\"><span style=\"font-weight: normal;\"> <\/span><\/span><span style=\"font-weight: normal;\">Maria Regina<\/span><\/p>\n<p><span style=\"font-weight: normal;\">22.<\/span><span style=\"white-space: pre;\"><span style=\"font-weight: normal;\"> <\/span><\/span><span style=\"font-weight: normal;\">Polliana Alves<\/span><\/p>\n<p><span style=\"font-weight: normal;\">23.<\/span><span style=\"white-space: pre;\"><span style=\"font-weight: normal;\"> <\/span><\/span><span style=\"font-weight: normal;\">Jos\u00e9 Procopio da Silveira<\/span><\/p>\n<p><span style=\"font-weight: normal;\">24.<\/span><span style=\"white-space: pre;\"><span style=\"font-weight: normal;\"> <\/span><\/span><span style=\"font-weight: normal;\">Romeu Fernandes de Carvalho<\/span><\/p>\n<p><span style=\"font-weight: normal;\">25.<\/span><span style=\"white-space: pre;\"><span style=\"font-weight: normal;\"> <\/span><\/span><span style=\"font-weight: normal;\">Maria Bernadete de Sousa Costa<\/span><\/p>\n<div><span style=\"font-weight: normal;\"><em>Fonte: Ascom ADUFPB<\/em><\/span><\/div>\n<p><\/strong><\/p>\n","protected":false},"excerpt":{"rendered":"<p>Divulgada rela\u00e7\u00e3o de inscritos na Revista Conceitos e no Sede de Leituras Vinte e seis artigos est\u00e3o inscritos para a 16\u00aa edi\u00e7\u00e3o da Revista Conceitos, editada pela ADUFPB. Agora os textos ser\u00e3o submetidos \u00e0 an\u00e1lise do Conselho Editorial, que vai verificar se os trabalhos est\u00e3o de acordo com as normas impostas pela publica\u00e7\u00e3o. Este ano,&hellip;<\/p>\n","protected":false},"author":3,"featured_media":0,"comment_status":"open","ping_status":"open","sticky":false,"template":"","format":"standard","meta":{"footnotes":""},"categories":[15],"tags":[815,35],"class_list":["post-1055","post","type-post","status-publish","format-standard","hentry","category-noticias","tag-conceitos","tag-sede-de-leitura","category-15","description-off"],"_links":{"self":[{"href":"https:\/\/www.adufpb.org.br\/site\/wp-json\/wp\/v2\/posts\/1055","targetHints":{"allow":["GET"]}}],"collection":[{"href":"https:\/\/www.adufpb.org.br\/site\/wp-json\/wp\/v2\/posts"}],"about":[{"href":"https:\/\/www.adufpb.org.br\/site\/wp-json\/wp\/v2\/types\/post"}],"author":[{"embeddable":true,"href":"https:\/\/www.adufpb.org.br\/site\/wp-json\/wp\/v2\/users\/3"}],"replies":[{"embeddable":true,"href":"https:\/\/www.adufpb.org.br\/site\/wp-json\/wp\/v2\/comments?post=1055"}],"version-history":[{"count":1,"href":"https:\/\/www.adufpb.org.br\/site\/wp-json\/wp\/v2\/posts\/1055\/revisions"}],"predecessor-version":[{"id":1056,"href":"https:\/\/www.adufpb.org.br\/site\/wp-json\/wp\/v2\/posts\/1055\/revisions\/1056"}],"wp:attachment":[{"href":"https:\/\/www.adufpb.org.br\/site\/wp-json\/wp\/v2\/media?parent=1055"}],"wp:term":[{"taxonomy":"category","embeddable":true,"href":"https:\/\/www.adufpb.org.br\/site\/wp-json\/wp\/v2\/categories?post=1055"},{"taxonomy":"post_tag","embeddable":true,"href":"https:\/\/www.adufpb.org.br\/site\/wp-json\/wp\/v2\/tags?post=1055"}],"curies":[{"name":"wp","href":"https:\/\/api.w.org\/{rel}","templated":true}]}}