{"id":10539,"date":"2015-03-10T20:51:44","date_gmt":"2015-03-11T00:51:44","guid":{"rendered":"http:\/\/www.adufpb.org.br\/site\/?p=10539"},"modified":"2015-03-10T20:51:44","modified_gmt":"2015-03-11T00:51:44","slug":"andes-sn-divulga-carta-de-brasilia-com-sintese-do-34o-congresso-da-entidade","status":"publish","type":"post","link":"https:\/\/www.adufpb.org.br\/site\/andes-sn-divulga-carta-de-brasilia-com-sintese-do-34o-congresso-da-entidade\/","title":{"rendered":"ANDES-SN divulga Carta de Bras\u00edlia com s\u00edntese do 34\u00ba Congresso da entidade"},"content":{"rendered":"<p>O ANDES-SN divulgou nesta segunda-feira (9) a Carta de Bras\u00edlia, documento s\u00edntese do 34\u00ba Congresso do Sindicato Nacional, realizado na capital federal, entre 23 e 28 de fevereiro. O encontro contou com a presen\u00e7a de 441 participantes, entre delegados, observadores, convidados e diretores nacionais da entidade. O documento foi enviado \u00e0s se\u00e7\u00f5es sindicais atrav\u00e9s da circular 032\/2015.<\/p>\n<p>O documento lembra que o 34\u00ba Congresso aconteceu \u201cvinte anos depois do 14\u00ba Congresso que, em 1995, aconteceu nesta mesma cidade, no contexto do ajuste neoliberal que respondia a imperativos da crise do capital e impunha as privatiza\u00e7\u00f5es, a contrarreforma do Estado, a desregula\u00e7\u00e3o dos mercados e duros ataques aos direitos e \u00e0s organiza\u00e7\u00f5es dos trabalhadores, a exemplo da criminosa a\u00e7\u00e3o estatal contra a greve dos petroleiros. O movimento sindical e social contrap\u00f4s frontalmente o projeto neoliberal por meio da articula\u00e7\u00e3o de amplo leque de for\u00e7as pol\u00edticas\u201d.<\/p>\n<p>\u201cHoje, o 34\u00ba Congresso se realiza numa conjuntura em que os ajustes neoliberais continuam num novo patamar, e os ataques aos diretos dos trabalhadores como resposta \u00e0 crise em curso se aprofundam. Isso exige dos trabalhadores a\u00e7\u00f5es pol\u00edticas que estejam \u00e0 altura\u201d, continua o texto.<\/p>\n<p>A carta destaca as principais delibera\u00e7\u00f5es do 34\u00ba Congresso, que dar\u00e3o concretude \u00e0 centralidade da luta para 2015, definida pelos participantes do encontro \u201cavan\u00e7ar na organiza\u00e7\u00e3o dos docentes e na unidade com os movimentos e entidades classistas nacionais e internacionais, para enfrentar a mercantiliza\u00e7\u00e3o da educa\u00e7\u00e3o, combater as politicas neoliberais e defender intransigentemente os direitos dos trabalhadores\u201d.<\/p>\n<p><strong><a href=\"http:\/\/portal.andes.org.br\/imprensa\/noticias\/imp-ult-413026814.pdf\" target=\"_blank\">Confira aqui a \u00edntegra da Carta de Bras\u00edlia.<\/a><\/strong><\/p>\n<p>Fonte: Andes-SN<\/p>\n<p><strong>\u00a0<\/strong><\/p>\n<p>&nbsp;<\/p>\n","protected":false},"excerpt":{"rendered":"<p>O ANDES-SN divulgou nesta segunda-feira (9) a Carta de Bras\u00edlia, documento s\u00edntese do 34\u00ba Congresso do Sindicato Nacional, realizado na capital federal, entre 23 e 28 de fevereiro. O encontro contou com a presen\u00e7a de 441 participantes, entre delegados, observadores, convidados e diretores nacionais da entidade. O documento foi enviado \u00e0s se\u00e7\u00f5es sindicais atrav\u00e9s da&hellip;<\/p>\n","protected":false},"author":3,"featured_media":0,"comment_status":"closed","ping_status":"closed","sticky":false,"template":"","format":"standard","meta":{"footnotes":""},"categories":[15],"tags":[495],"class_list":["post-10539","post","type-post","status-publish","format-standard","hentry","category-noticias","tag-34o-congresso-do-andes","category-15","description-off"],"_links":{"self":[{"href":"https:\/\/www.adufpb.org.br\/site\/wp-json\/wp\/v2\/posts\/10539","targetHints":{"allow":["GET"]}}],"collection":[{"href":"https:\/\/www.adufpb.org.br\/site\/wp-json\/wp\/v2\/posts"}],"about":[{"href":"https:\/\/www.adufpb.org.br\/site\/wp-json\/wp\/v2\/types\/post"}],"author":[{"embeddable":true,"href":"https:\/\/www.adufpb.org.br\/site\/wp-json\/wp\/v2\/users\/3"}],"replies":[{"embeddable":true,"href":"https:\/\/www.adufpb.org.br\/site\/wp-json\/wp\/v2\/comments?post=10539"}],"version-history":[{"count":2,"href":"https:\/\/www.adufpb.org.br\/site\/wp-json\/wp\/v2\/posts\/10539\/revisions"}],"predecessor-version":[{"id":10541,"href":"https:\/\/www.adufpb.org.br\/site\/wp-json\/wp\/v2\/posts\/10539\/revisions\/10541"}],"wp:attachment":[{"href":"https:\/\/www.adufpb.org.br\/site\/wp-json\/wp\/v2\/media?parent=10539"}],"wp:term":[{"taxonomy":"category","embeddable":true,"href":"https:\/\/www.adufpb.org.br\/site\/wp-json\/wp\/v2\/categories?post=10539"},{"taxonomy":"post_tag","embeddable":true,"href":"https:\/\/www.adufpb.org.br\/site\/wp-json\/wp\/v2\/tags?post=10539"}],"curies":[{"name":"wp","href":"https:\/\/api.w.org\/{rel}","templated":true}]}}