{"id":10535,"date":"2015-03-10T20:47:46","date_gmt":"2015-03-11T00:47:46","guid":{"rendered":"http:\/\/www.adufpb.org.br\/site\/?p=10535"},"modified":"2015-03-10T20:47:46","modified_gmt":"2015-03-11T00:47:46","slug":"forum-dos-spf-lanca-jornal-da-campanha-salarial-unificada-2015","status":"publish","type":"post","link":"https:\/\/www.adufpb.org.br\/site\/forum-dos-spf-lanca-jornal-da-campanha-salarial-unificada-2015\/","title":{"rendered":"F\u00f3rum dos SPF lan\u00e7a jornal da Campanha Salarial Unificada 2015"},"content":{"rendered":"<p>O F\u00f3rum das Entidades Nacionais dos Servidores P\u00fablicos Federais (SPF) lan\u00e7ou neste m\u00eas de mar\u00e7o o jornal da Campanha Salarial Unificada em 2015. A edi\u00e7\u00e3o, disponibilizada em formato digital, traz uma reflex\u00e3o sobre os atuais acontecimentos na sociedade brasileira, como o corte de R$ 7 bilh\u00f5es na educa\u00e7\u00e3o p\u00fablica e a publica\u00e7\u00e3o das recentes medidas provis\u00f3rias 664 e 665, que atacam os direitos da classe trabalhadora.<\/p>\n<p>Os principais eixos de luta dos servidores s\u00e3o destacados na publica\u00e7\u00e3o como alternativas para melhorar a vida dos trabalhadores e da maioria da popula\u00e7\u00e3o, que sofrem com as medidas do governo federal. S\u00e3o eles: o reajuste linear de 27,3%, pol\u00edtica salarial permanente, com corre\u00e7\u00e3o das distor\u00e7\u00f5es e reposi\u00e7\u00e3o das perdas inflacion\u00e1rias, data-base em 1\u00ba de maio, direito de negocia\u00e7\u00e3o coletiva, conforme previsto na Conven\u00e7\u00e3o 151 (da Organiza\u00e7\u00e3o Internacional do Trabalho) e paridade salarial entre ativos e aposentados.<\/p>\n<p>Consta ainda na edi\u00e7\u00e3o do jornal, o incentivo a mobiliza\u00e7\u00e3o nos estados para a realiza\u00e7\u00e3o de atos p\u00fablicos, semin\u00e1rios, marchas e todo tipo de atividades para impulsionar a Jornada Nacional de Lutas dos servidores federais nos dias 7, 8 e 9 de abril em Bras\u00edlia (DF). Para saber mais, acesse o jornal\u00a0<a href=\"http:\/\/portal.andes.org.br\/imprensa\/noticias\/imp-ult-1356857798.pdf\" target=\"_blank\">aqui<\/a>.<\/p>\n<p><strong>Campanha<\/strong><\/p>\n<p>No dia 25 de fevereiro, o F\u00f3rum dos SPF lan\u00e7ou a Campanha Unificada 2015 com ato em frente ao Minist\u00e9rio do Planejamento, Or\u00e7amento e Gest\u00e3o (Mpog) e diversas atividades nos demais estados brasileiros. Na ocasi\u00e3o, foi protocolada no minist\u00e9rio a pauta de reivindica\u00e7\u00f5es conjuntas dos SPF.<\/p>\n<p><strong>Confira a agenda da Jornada de Lutas dos SPF<\/strong><\/p>\n<p>Mar\u00e7o: Jornada de lutas dos SPF nos estados, com discuss\u00e3o, nas assembleias, sobre o indicativo de greve unificada dos SPF;<\/p>\n<p>7 a 9 de abril: Jornada Nacional de Lutas, em Bras\u00edlia (DF), com a discuss\u00e3o sobre o indicativo de greve dos SPF.<\/p>\n<p><em>Fonte: Andes-SN<\/em><\/p>\n","protected":false},"excerpt":{"rendered":"<p>O F\u00f3rum das Entidades Nacionais dos Servidores P\u00fablicos Federais (SPF) lan\u00e7ou neste m\u00eas de mar\u00e7o o jornal da Campanha Salarial Unificada em 2015. A edi\u00e7\u00e3o, disponibilizada em formato digital, traz uma reflex\u00e3o sobre os atuais acontecimentos na sociedade brasileira, como o corte de R$ 7 bilh\u00f5es na educa\u00e7\u00e3o p\u00fablica e a publica\u00e7\u00e3o das recentes medidas&hellip;<\/p>\n","protected":false},"author":3,"featured_media":0,"comment_status":"closed","ping_status":"closed","sticky":false,"template":"","format":"standard","meta":{"footnotes":""},"categories":[15],"tags":[525,435,187],"class_list":["post-10535","post","type-post","status-publish","format-standard","hentry","category-noticias","tag-campanha-salarial-2015","tag-campanha-unificada","tag-spfs","category-15","description-off"],"_links":{"self":[{"href":"https:\/\/www.adufpb.org.br\/site\/wp-json\/wp\/v2\/posts\/10535","targetHints":{"allow":["GET"]}}],"collection":[{"href":"https:\/\/www.adufpb.org.br\/site\/wp-json\/wp\/v2\/posts"}],"about":[{"href":"https:\/\/www.adufpb.org.br\/site\/wp-json\/wp\/v2\/types\/post"}],"author":[{"embeddable":true,"href":"https:\/\/www.adufpb.org.br\/site\/wp-json\/wp\/v2\/users\/3"}],"replies":[{"embeddable":true,"href":"https:\/\/www.adufpb.org.br\/site\/wp-json\/wp\/v2\/comments?post=10535"}],"version-history":[{"count":1,"href":"https:\/\/www.adufpb.org.br\/site\/wp-json\/wp\/v2\/posts\/10535\/revisions"}],"predecessor-version":[{"id":10536,"href":"https:\/\/www.adufpb.org.br\/site\/wp-json\/wp\/v2\/posts\/10535\/revisions\/10536"}],"wp:attachment":[{"href":"https:\/\/www.adufpb.org.br\/site\/wp-json\/wp\/v2\/media?parent=10535"}],"wp:term":[{"taxonomy":"category","embeddable":true,"href":"https:\/\/www.adufpb.org.br\/site\/wp-json\/wp\/v2\/categories?post=10535"},{"taxonomy":"post_tag","embeddable":true,"href":"https:\/\/www.adufpb.org.br\/site\/wp-json\/wp\/v2\/tags?post=10535"}],"curies":[{"name":"wp","href":"https:\/\/api.w.org\/{rel}","templated":true}]}}