{"id":10532,"date":"2015-03-06T10:13:12","date_gmt":"2015-03-06T14:13:12","guid":{"rendered":"http:\/\/www.adufpb.org.br\/site\/?p=10532"},"modified":"2015-03-06T10:13:12","modified_gmt":"2015-03-06T14:13:12","slug":"andes-sn-tera-audiencia-no-mec-na-proxima-terca-10","status":"publish","type":"post","link":"https:\/\/www.adufpb.org.br\/site\/andes-sn-tera-audiencia-no-mec-na-proxima-terca-10\/","title":{"rendered":"ANDES-SN ter\u00e1 audi\u00eancia no MEC na pr\u00f3xima ter\u00e7a (10)"},"content":{"rendered":"<p>A diretoria do ANDES-SN deve ser reunir com o Minist\u00e9rio da Educa\u00e7\u00e3o (MEC) na pr\u00f3xima ter\u00e7a-feira (10). A audi\u00eancia acontece quase dois meses ap\u00f3s o Sindicato Nacional ter solicitado reuni\u00e3o com o MEC<a href=\"http:\/\/www.andes.org.br\/andes\/print-ultimas-noticias.andes?id=7258\" target=\"_blank\"><strong>\u00a0(veja aqui)<\/strong><\/a>, para dar continuidade \u00e0 discuss\u00e3o sobre a reestrutura\u00e7\u00e3o da carreira docente e tamb\u00e9m ap\u00f3s o 34\u00ba Congresso da entidade, realizado em Bras\u00edlia entre 23 e 28 de fevereiro, que deliberou pela pauta de reivindica\u00e7\u00f5es e plano de lutas dos docentes das Institui\u00e7\u00f5es Federais de Ensino.<\/p>\n<p>\u201cN\u00f3s protocolamos um pedido de audi\u00eancia no MEC para dar continuidade aos processos que t\u00ednhamos entabulados com a Sesu [Secretaria de Ensino Superior], no primeiro semestre de 2014, quando chegamos a ter um consenso em rela\u00e7\u00e3o aos princ\u00edpios norteadores da carreira\u201d, esclarece Paulo Rizzo, presidente do ANDES-SN.De acordo com Rizzo, o 34\u00ba Congresso do Sindicato Nacional fez a atualiza\u00e7\u00e3o da pauta de reivindica\u00e7\u00f5es dos docentes das IFE para 2015, que foi protocolada junto ao MEC nesta quinta-feira (5).\u00a0<a href=\"http:\/\/portal.andes.org.br\/imprensa\/noticias\/imp-ult-1402590321.pdf\" target=\"_blank\"><strong>Confira aqui.<\/strong><\/a><\/p>\n<p>\u201cA pauta aprovada no congresso mant\u00e9m os princ\u00edpios da carreira, acrescenta outras reivindica\u00e7\u00f5es e tamb\u00e9m os termos da campanha salarial unificada dos Servidores Federais. Queremos que com essa audi\u00eancia seja estabelecido um processo de negocia\u00e7\u00e3o com o Minist\u00e9rio da Educa\u00e7\u00e3o, mas retomando os princ\u00edpios da carreira, sem o que n\u00e3o h\u00e1 como avan\u00e7ar\u201d, explica.<\/p>\n<p>Al\u00e9m da pauta de reivindica\u00e7\u00f5es, o presidente do ANDES-SN lembra que os delegados do 34\u00ba Congresso aprovaram ainda uma agenda de lutas que inclui, entre outras atividades, o ato nacional contra a privatiza\u00e7\u00e3o do SUS e contra a Empresa Brasileira de Servi\u00e7os Hospitalares (Ebserh), que acontece nesta sexta-feira no Rio de Janeiro, rodadas de assembleias durante o m\u00eas de mar\u00e7o e participa\u00e7\u00e3o na Jornada de Lutas dos SPF, em Bras\u00edlia, entre 7 e 9 de abril, com a discuss\u00e3o sobre o indicativo de greve dos servidores federais.<\/p>\n<p><strong>Confira a agenda completa:<\/strong><br \/>\n<strong>Entre 2 e 6 de mar\u00e7o:\u00a0<\/strong>protocolar a pauta dos docentes das IFE no Minist\u00e9rio da Educa\u00e7\u00e3o, com c\u00f3pia para o Minist\u00e9rio do Planejamento, solicitando audi\u00eancia com o Ministro da Educa\u00e7\u00e3o;<br \/>\n<strong>6 de mar\u00e7o:\u00a0<\/strong>Ato Nacional no Rio de Janeiro e nos estados contra a privatiza\u00e7\u00e3o do SUS e contra a Ebserh;<br \/>\n<strong>M\u00eas de mar\u00e7o:<\/strong>\u00a0Jornada de lutas dos SPF nos estados, com discuss\u00e3o sobre o indicativo de greve unificada dos SPF;<br \/>\n<strong>M\u00eas de mar\u00e7o:\u00a0<\/strong>enviar para as Se\u00e7\u00f5es Sindicais InformANDES especial, frente e verso, para mobiliza\u00e7\u00e3o da categoria;<br \/>\n<strong>16 a 25 de mar\u00e7o:<\/strong>\u00a0rodada de Assembl\u00e9ias gerais das se\u00e7\u00f5es sindicais do Setor para:<br \/>\n&#8211; discutir a mobiliza\u00e7\u00e3o da categoria, atualiza\u00e7\u00e3o da pauta local, SPF e defini\u00e7\u00e3o de estrat\u00e9gias de luta e negocia\u00e7\u00e3o;<br \/>\n&#8211; discutir sobre a constru\u00e7\u00e3o da greve nas IFE para que seja avaliada na reuni\u00e3o do Setor das Ifes;<br \/>\n&#8211; Pautar nas assembleias a realiza\u00e7\u00e3o de um dia de paralisa\u00e7\u00e3o na semana da jornada de lutas dos SPF em abril;<strong><br \/>\n28 e 29 de mar\u00e7o:<\/strong>\u00a0Reuni\u00e3o do Setor das Ifes em Bras\u00edlia;<br \/>\n<strong>7 a 9 de abril:\u00a0<\/strong>Jornada Nacional de Lutas, em Bras\u00edlia, com a discuss\u00e3o sobre o indicativo de greve dos SPF.<\/p>\n<p><em>Fonte:\u00a0ANDES-SN<\/em><\/p>\n<p>&nbsp;<\/p>\n","protected":false},"excerpt":{"rendered":"<p>A diretoria do ANDES-SN deve ser reunir com o Minist\u00e9rio da Educa\u00e7\u00e3o (MEC) na pr\u00f3xima ter\u00e7a-feira (10). A audi\u00eancia acontece quase dois meses ap\u00f3s o Sindicato Nacional ter solicitado reuni\u00e3o com o MEC\u00a0(veja aqui), para dar continuidade \u00e0 discuss\u00e3o sobre a reestrutura\u00e7\u00e3o da carreira docente e tamb\u00e9m ap\u00f3s o 34\u00ba Congresso da entidade, realizado em&hellip;<\/p>\n","protected":false},"author":3,"featured_media":0,"comment_status":"closed","ping_status":"closed","sticky":false,"template":"","format":"standard","meta":{"footnotes":""},"categories":[15,417],"tags":[92,525,71],"class_list":["post-10532","post","type-post","status-publish","format-standard","hentry","category-noticias","category-noticias-destaque","tag-andes","tag-campanha-salarial-2015","tag-mec","category-15","category-417","description-off"],"_links":{"self":[{"href":"https:\/\/www.adufpb.org.br\/site\/wp-json\/wp\/v2\/posts\/10532","targetHints":{"allow":["GET"]}}],"collection":[{"href":"https:\/\/www.adufpb.org.br\/site\/wp-json\/wp\/v2\/posts"}],"about":[{"href":"https:\/\/www.adufpb.org.br\/site\/wp-json\/wp\/v2\/types\/post"}],"author":[{"embeddable":true,"href":"https:\/\/www.adufpb.org.br\/site\/wp-json\/wp\/v2\/users\/3"}],"replies":[{"embeddable":true,"href":"https:\/\/www.adufpb.org.br\/site\/wp-json\/wp\/v2\/comments?post=10532"}],"version-history":[{"count":1,"href":"https:\/\/www.adufpb.org.br\/site\/wp-json\/wp\/v2\/posts\/10532\/revisions"}],"predecessor-version":[{"id":10533,"href":"https:\/\/www.adufpb.org.br\/site\/wp-json\/wp\/v2\/posts\/10532\/revisions\/10533"}],"wp:attachment":[{"href":"https:\/\/www.adufpb.org.br\/site\/wp-json\/wp\/v2\/media?parent=10532"}],"wp:term":[{"taxonomy":"category","embeddable":true,"href":"https:\/\/www.adufpb.org.br\/site\/wp-json\/wp\/v2\/categories?post=10532"},{"taxonomy":"post_tag","embeddable":true,"href":"https:\/\/www.adufpb.org.br\/site\/wp-json\/wp\/v2\/tags?post=10532"}],"curies":[{"name":"wp","href":"https:\/\/api.w.org\/{rel}","templated":true}]}}