{"id":10513,"date":"2015-03-02T14:55:14","date_gmt":"2015-03-02T18:55:14","guid":{"rendered":"http:\/\/www.adufpb.org.br\/site\/?p=10513"},"modified":"2015-03-02T14:57:50","modified_gmt":"2015-03-02T18:57:50","slug":"curitiba-sediara-o-35o-congresso-do-andes-sn","status":"publish","type":"post","link":"https:\/\/www.adufpb.org.br\/site\/curitiba-sediara-o-35o-congresso-do-andes-sn\/","title":{"rendered":"Curitiba sediar\u00e1 o 35\u00ba Congresso do ANDES-SN"},"content":{"rendered":"<p>A cidade de Curitiba (PR) foi escolhida por aclama\u00e7\u00e3o como sede do 35\u00ba Congresso do ANDES-SN durante a Plen\u00e1ria do Tema 4 \u2013 Quest\u00f5es Organizativas e Financeiras, no 34\u00ba Congresso do ANDES-SN que foi realizado na \u00faltima semana em Bras\u00edlia (DF). O 35\u00ba Congresso ocorrer\u00e1 em 2016 e ser\u00e1 organizado pela Se\u00e7\u00e3o Sindical dos Docentes da Universidade Tecnol\u00f3gica Federal do Paran\u00e1 (Sindutf-PR \u2013 Se\u00e7\u00e3o Sindical do ANDES-SN).<\/p>\n<p>A se\u00e7\u00e3o sindical justificou sua candidatura para sediar o congresso pela situa\u00e7\u00e3o pol\u00edtica de ataques \u00e0 educa\u00e7\u00e3o p\u00fablica no estado do Paran\u00e1, pela experi\u00eancia de multicampia da Universidade Tecnol\u00f3gica Federal do Paran\u00e1 (UTFPR), pelo Conad de 2009 ter sido organizado na cidade e pela presen\u00e7a de tr\u00eas universidades federais no estado.<\/p>\n<p>Maurini de Souza, da Sindutf-PR SSind, afirmou que a se\u00e7\u00e3o sindical considera o momento prop\u00edcio para sediar o congresso por conta da sua consolida\u00e7\u00e3o na base da categoria, e tamb\u00e9m para mostrar aos docentes que o Paran\u00e1, estado considerado por ela extremamente conservador, tamb\u00e9m \u00e9 palco de lutas sociais.<\/p>\n<p>\u201cEstamos vivendo uma greve muito importante do funcionalismo p\u00fablico estadual, contra as medidas neoliberais do governo do PSDB. Sabemos que esse momento pode mudar, mas consideramos que o in\u00edcio de 2016 ser\u00e1 um \u00f3timo momento para reafirmarmos, no Paran\u00e1, a defesa da educa\u00e7\u00e3o p\u00fablica\u201d, afirmou a docente.<\/p>\n<p>Essa n\u00e3o ser\u00e1 a primeira vez que a inst\u00e2ncia m\u00e1xima de delibera\u00e7\u00e3o do Sindicato Nacional acontecer\u00e1 na capital do Paran\u00e1. O \u00faltimo congresso na cidade foi o 24\u00ba, em 2005, organizado pela Associa\u00e7\u00e3o de Professores da Universidade Federal do Paran\u00e1 (Apufpr \u2013 Se\u00e7\u00e3o Sindical do ANDES-SN), no qual foi deliberada a desfilia\u00e7\u00e3o do ANDES-SN da Central \u00danica dos Trabalhadores (CUT). A cidade recebeu ainda, em 2009, o 54\u00ba Conad, organizado tamb\u00e9m pelo Sindutf-PR SSind.<\/p>\n<p><em>Fonte: ANDES-SN<\/em><\/p>\n","protected":false},"excerpt":{"rendered":"<p>A cidade de Curitiba (PR) foi escolhida por aclama\u00e7\u00e3o como sede do 35\u00ba Congresso do ANDES-SN durante a Plen\u00e1ria do Tema 4 \u2013 Quest\u00f5es Organizativas e Financeiras, no 34\u00ba Congresso do ANDES-SN que foi realizado na \u00faltima semana em Bras\u00edlia (DF). O 35\u00ba Congresso ocorrer\u00e1 em 2016 e ser\u00e1 organizado pela Se\u00e7\u00e3o Sindical dos Docentes&hellip;<\/p>\n","protected":false},"author":3,"featured_media":0,"comment_status":"closed","ping_status":"closed","sticky":false,"template":"","format":"standard","meta":{"footnotes":""},"categories":[15],"tags":[495],"class_list":["post-10513","post","type-post","status-publish","format-standard","hentry","category-noticias","tag-34o-congresso-do-andes","category-15","description-off"],"_links":{"self":[{"href":"https:\/\/www.adufpb.org.br\/site\/wp-json\/wp\/v2\/posts\/10513","targetHints":{"allow":["GET"]}}],"collection":[{"href":"https:\/\/www.adufpb.org.br\/site\/wp-json\/wp\/v2\/posts"}],"about":[{"href":"https:\/\/www.adufpb.org.br\/site\/wp-json\/wp\/v2\/types\/post"}],"author":[{"embeddable":true,"href":"https:\/\/www.adufpb.org.br\/site\/wp-json\/wp\/v2\/users\/3"}],"replies":[{"embeddable":true,"href":"https:\/\/www.adufpb.org.br\/site\/wp-json\/wp\/v2\/comments?post=10513"}],"version-history":[{"count":1,"href":"https:\/\/www.adufpb.org.br\/site\/wp-json\/wp\/v2\/posts\/10513\/revisions"}],"predecessor-version":[{"id":10514,"href":"https:\/\/www.adufpb.org.br\/site\/wp-json\/wp\/v2\/posts\/10513\/revisions\/10514"}],"wp:attachment":[{"href":"https:\/\/www.adufpb.org.br\/site\/wp-json\/wp\/v2\/media?parent=10513"}],"wp:term":[{"taxonomy":"category","embeddable":true,"href":"https:\/\/www.adufpb.org.br\/site\/wp-json\/wp\/v2\/categories?post=10513"},{"taxonomy":"post_tag","embeddable":true,"href":"https:\/\/www.adufpb.org.br\/site\/wp-json\/wp\/v2\/tags?post=10513"}],"curies":[{"name":"wp","href":"https:\/\/api.w.org\/{rel}","templated":true}]}}