{"id":10510,"date":"2015-03-02T14:53:27","date_gmt":"2015-03-02T18:53:27","guid":{"rendered":"http:\/\/www.adufpb.org.br\/site\/?p=10510"},"modified":"2015-03-02T14:57:58","modified_gmt":"2015-03-02T18:57:58","slug":"delegados-do-34o-congresso-do-andes-sn-definem-plano-de-luta-para-as-instituicoes-federais","status":"publish","type":"post","link":"https:\/\/www.adufpb.org.br\/site\/delegados-do-34o-congresso-do-andes-sn-definem-plano-de-luta-para-as-instituicoes-federais\/","title":{"rendered":"Delegados do 34\u00ba Congresso do ANDES-SN definem plano de luta para as Institui\u00e7\u00f5es Federais"},"content":{"rendered":"<p><em>Assembleias de base ir\u00e3o discutir a possibilidade de constru\u00e7\u00e3o de greve durante o m\u00eas de mar\u00e7o<\/em><\/p>\n<p>Os delegados participantes do 34\u00ba Congresso do ANDES-SN deliberaram na tarde do \u00faltimo s\u00e1bado (28) uma pauta de a\u00e7\u00f5es que comp\u00f5em o plano de lutas espec\u00edfico do Setor das Institui\u00e7\u00f5es Federais de Ensino (Ifes). Na pauta de reivindica\u00e7\u00f5es aprovada, a defesa do car\u00e1ter p\u00fablico da educa\u00e7\u00e3o e a garantia da fun\u00e7\u00e3o social das institui\u00e7\u00f5es federais de ensino, a defesa do projeto de carreira \u00fanica do ANDES-SN para o magist\u00e9rio federal, condi\u00e7\u00f5es de trabalho e sal\u00e1rio e a luta contra a reforma da previd\u00eancia e pela revoga\u00e7\u00e3o das medidas provis\u00f3rias 664 e 665, entre outros pontos.<\/p>\n<p>Os docentes aprovaram o cronograma de lutas que prev\u00ea a realiza\u00e7\u00e3o de rodadas de assembl\u00e9ias durante o m\u00eas de mar\u00e7o para discutir e deliberar sobre a constru\u00e7\u00e3o da greve nas IFE. O resultado das assembl\u00e9ias ser\u00e1 avaliado na reuni\u00e3o do Setor, agendada para os dias 28 e 29 de mar\u00e7o.<\/p>\n<p>Os delegados referendaram tamb\u00e9m a pauta unificada dos Servidores P\u00fablicos Federais e a incorpora\u00e7\u00e3o da agenda de lutas dos SPF ao calend\u00e1rio de a\u00e7\u00f5es do Setor das Ifes.<\/p>\n<p><strong>Confira a agenda:<\/strong><\/p>\n<p><strong>Entre 2 e 6 de mar\u00e7o<\/strong>: protocolar a pauta dos docentes das IFE no Minist\u00e9rio da Educa\u00e7\u00e3o, com c\u00f3pia para o Minist\u00e9rio do Planejamento, solicitando audi\u00eancia com o Ministro da Educa\u00e7\u00e3o;<\/p>\n<p><strong>6 de mar\u00e7o:<\/strong>\u00a0Ato Nacional no Rio de Janeiro e nos estados contra a privatiza\u00e7\u00e3o do SUS e contra a Ebserh;<\/p>\n<p><strong>M\u00eas de mar\u00e7o:<\/strong>\u00a0Jornada de lutas dos SPF nos estados, com discuss\u00e3o sobre o indicativo de greve unificada dos SPF;<\/p>\n<p><strong>M\u00eas de mar\u00e7o:<\/strong>\u00a0enviar para as Se\u00e7\u00f5es Sindicais InformANDES especial, frente e verso, para mobiliza\u00e7\u00e3o da categoria;<\/p>\n<p><strong>&#8211; de 16 a 25 de mar\u00e7o:<\/strong>\u00a0rodada de Assembl\u00e9ias gerais das se\u00e7\u00f5es sindicais do Setor para:<\/p>\n<p>&#8211; discutir a mobiliza\u00e7\u00e3o da categoria, atualiza\u00e7\u00e3o da pauta local, SPF e a defini\u00e7\u00e3o de estrat\u00e9gias de luta e negocia\u00e7\u00e3o;<\/p>\n<p>&#8211; discutir e deliberar sobre a constru\u00e7\u00e3o da greve nas IFE para que seja avaliada na reuni\u00e3o do Setor das Ifes;<\/p>\n<p>&#8211; Pautar nas assembl\u00e9ias a realiza\u00e7\u00e3o de um dia de paralisa\u00e7\u00e3o na semana da jornada de lutas dos SPF em abril;<\/p>\n<p><strong>28 e 29 de mar\u00e7o:\u00a0<\/strong>Reuni\u00e3o do Setor das Ifes em Bras\u00edlia;<\/p>\n<p><strong>7 a 9 de abril:<\/strong>\u00a0Jornada Nacional de Lutas, em Bras\u00edlia, com a discuss\u00e3o sobre o indicativo de greve dos SPF.<\/p>\n<p><strong>34\u00ba Congresso do ANDES-SN<\/strong><\/p>\n<p>O 34\u00ba Congresso do ANDES-SN teve in\u00edcio na segunda-feira (23), em Bras\u00edlia (DF), com a presen\u00e7a de 71 se\u00e7\u00f5es sindicais, 339 delegados, 62 observadores, 33 diretores nacionais e 7 convidados.<\/p>\n<p><em>Fonte: ANDES-SN<\/em><\/p>\n<p>&nbsp;<\/p>\n","protected":false},"excerpt":{"rendered":"<p>Assembleias de base ir\u00e3o discutir a possibilidade de constru\u00e7\u00e3o de greve durante o m\u00eas de mar\u00e7o Os delegados participantes do 34\u00ba Congresso do ANDES-SN deliberaram na tarde do \u00faltimo s\u00e1bado (28) uma pauta de a\u00e7\u00f5es que comp\u00f5em o plano de lutas espec\u00edfico do Setor das Institui\u00e7\u00f5es Federais de Ensino (Ifes). Na pauta de reivindica\u00e7\u00f5es aprovada,&hellip;<\/p>\n","protected":false},"author":3,"featured_media":10512,"comment_status":"closed","ping_status":"closed","sticky":false,"template":"","format":"standard","meta":{"footnotes":""},"categories":[15,417],"tags":[],"class_list":["post-10510","post","type-post","status-publish","format-standard","has-post-thumbnail","hentry","category-noticias","category-noticias-destaque","category-15","category-417","description-off"],"_links":{"self":[{"href":"https:\/\/www.adufpb.org.br\/site\/wp-json\/wp\/v2\/posts\/10510","targetHints":{"allow":["GET"]}}],"collection":[{"href":"https:\/\/www.adufpb.org.br\/site\/wp-json\/wp\/v2\/posts"}],"about":[{"href":"https:\/\/www.adufpb.org.br\/site\/wp-json\/wp\/v2\/types\/post"}],"author":[{"embeddable":true,"href":"https:\/\/www.adufpb.org.br\/site\/wp-json\/wp\/v2\/users\/3"}],"replies":[{"embeddable":true,"href":"https:\/\/www.adufpb.org.br\/site\/wp-json\/wp\/v2\/comments?post=10510"}],"version-history":[{"count":1,"href":"https:\/\/www.adufpb.org.br\/site\/wp-json\/wp\/v2\/posts\/10510\/revisions"}],"predecessor-version":[{"id":10511,"href":"https:\/\/www.adufpb.org.br\/site\/wp-json\/wp\/v2\/posts\/10510\/revisions\/10511"}],"wp:featuredmedia":[{"embeddable":true,"href":"https:\/\/www.adufpb.org.br\/site\/wp-json\/wp\/v2\/media\/10512"}],"wp:attachment":[{"href":"https:\/\/www.adufpb.org.br\/site\/wp-json\/wp\/v2\/media?parent=10510"}],"wp:term":[{"taxonomy":"category","embeddable":true,"href":"https:\/\/www.adufpb.org.br\/site\/wp-json\/wp\/v2\/categories?post=10510"},{"taxonomy":"post_tag","embeddable":true,"href":"https:\/\/www.adufpb.org.br\/site\/wp-json\/wp\/v2\/tags?post=10510"}],"curies":[{"name":"wp","href":"https:\/\/api.w.org\/{rel}","templated":true}]}}