{"id":1051,"date":"2010-05-03T11:05:50","date_gmt":"2010-05-03T15:05:50","guid":{"rendered":"http:\/\/www.adufpb.org.br\/site\/mobilizacao-aposentados-lutam-no-congresso-contra-projetos-que-retiram-direitos\/"},"modified":"2010-05-03T11:05:50","modified_gmt":"2010-05-03T15:05:50","slug":"mobilizacao-aposentados-lutam-no-congresso-contra-projetos-que-retiram-direitos","status":"publish","type":"post","link":"https:\/\/www.adufpb.org.br\/site\/mobilizacao-aposentados-lutam-no-congresso-contra-projetos-que-retiram-direitos\/","title":{"rendered":"Mobiliza\u00e7\u00e3o: Aposentados lutam no Congresso contra projetos que retiram direitos"},"content":{"rendered":"<div id=\"_mcePaste\" style=\"position: absolute; left: -10000px; top: 0px; width: 1px; height: 1px; overflow-x: hidden; overflow-y: hidden;\">Mobiliza\u00e7\u00e3o: Aposentados lutam no Congresso contra projetos que retiram direitos<\/div>\n<div id=\"_mcePaste\" style=\"position: absolute; left: -10000px; top: 0px; width: 1px; height: 1px; overflow-x: hidden; overflow-y: hidden;\">O Grupo de Trabalho de Seguridade Social \u2013 GTSS do ANDES-SN promove, no dia 4\/5, atividade pol\u00edtica de visita\u00e7\u00e3o aos parlamentares do Congresso Nacional, em cumprimento \u00e0 delibera\u00e7\u00e3o do 29\u00ba Congresso, realizado em Bel\u00e9m (PA), de 26\/1 a 1\/2, e \u00e0 programa\u00e7\u00e3o aprovada pela Diretoria do Sindicato Nacional.<\/div>\n<div id=\"_mcePaste\" style=\"position: absolute; left: -10000px; top: 0px; width: 1px; height: 1px; overflow-x: hidden; overflow-y: hidden;\">A atividade visa obter apoio \u00e0 tramita\u00e7\u00e3o de mat\u00e9rias legislativas que afetam aos interesses dos aposentados, bem como denunciar os ataques que esse segmento docente v\u00eam sofrendo por parte do governo, expressos em medidas relativas a sal\u00e1rio, a altera\u00e7\u00f5es na Carreira e a fragiliza\u00e7\u00e3o e quebra dos princ\u00edpios da isonomia e paridade, estabelecendo diferencia\u00e7\u00f5es entre os docentes dos diversos n\u00edveis de ensino e entre ativos e aposentados.<\/div>\n<div id=\"_mcePaste\" style=\"position: absolute; left: -10000px; top: 0px; width: 1px; height: 1px; overflow-x: hidden; overflow-y: hidden;\">No dia 3\/5, \u00e0s 18 horas, ser\u00e1 realizada um reuni\u00e3o, na sede do ANDES-SN, para a prepara\u00e7\u00e3o da atividade. \u201cEsta mobiliza\u00e7\u00e3o ganha maior import\u00e2ncia em fun\u00e7\u00e3o da gravidade deste momento, no qual o Governo sinaliza com o congelamento dos sal\u00e1rios dos servidores p\u00fablicos por 10 anos e resiste ao cumprimento do Mandado de Injun\u00e7\u00e3o 880, prejudicando aqueles servidores que fizeram jus \u00e0 aposentadoria especial\u201d, afirma a 3\u00aa secret\u00e1ria do ANDES-SN, \u00a0Cl\u00e1udia Durans.<\/div>\n<div id=\"_mcePaste\" style=\"position: absolute; left: -10000px; top: 0px; width: 1px; height: 1px; overflow-x: hidden; overflow-y: hidden;\">Fonte: ANDES-SN<\/div>\n<p>O\u00a0Grupo de Trabalho de Seguridade Social \u2013 GTSS do ANDES-SN promove, no dia 4\/5, atividade pol\u00edtica de visita\u00e7\u00e3o aos parlamentares do Congresso Nacional, em cumprimento \u00e0 delibera\u00e7\u00e3o do 29\u00ba Congresso, realizado em Bel\u00e9m (PA), de 26\/1 a 1\/2, e \u00e0 programa\u00e7\u00e3o aprovada pela Diretoria do Sindicato Nacional.<\/p>\n<p>A atividade visa obter apoio \u00e0 tramita\u00e7\u00e3o de mat\u00e9rias legislativas que afetam aos interesses dos aposentados, bem como denunciar os ataques que esse segmento docente v\u00eam sofrendo por parte do governo, expressos em medidas relativas a sal\u00e1rio, a altera\u00e7\u00f5es na Carreira e a fragiliza\u00e7\u00e3o e quebra dos princ\u00edpios da isonomia e paridade, estabelecendo diferencia\u00e7\u00f5es entre os docentes dos diversos n\u00edveis de ensino e entre ativos e aposentados.<\/p>\n<p>No dia 3\/5, \u00e0s 18 horas, ser\u00e1 realizada um reuni\u00e3o, na sede do ANDES-SN, para a prepara\u00e7\u00e3o da atividade. \u201cEsta mobiliza\u00e7\u00e3o ganha maior import\u00e2ncia em fun\u00e7\u00e3o da gravidade deste momento, no qual o Governo sinaliza com o congelamento dos sal\u00e1rios dos servidores p\u00fablicos por 10 anos e resiste ao cumprimento do Mandado de Injun\u00e7\u00e3o 880, prejudicando aqueles servidores que fizeram jus \u00e0 aposentadoria especial\u201d, afirma a 3\u00aa secret\u00e1ria do ANDES-SN, \u00a0Cl\u00e1udia Durans.<\/p>\n<p><em>Fonte: ANDES-SN<\/em><\/p>\n","protected":false},"excerpt":{"rendered":"<p>Mobiliza\u00e7\u00e3o: Aposentados lutam no Congresso contra projetos que retiram direitos O Grupo de Trabalho de Seguridade Social \u2013 GTSS do ANDES-SN promove, no dia 4\/5, atividade pol\u00edtica de visita\u00e7\u00e3o aos parlamentares do Congresso Nacional, em cumprimento \u00e0 delibera\u00e7\u00e3o do 29\u00ba Congresso, realizado em Bel\u00e9m (PA), de 26\/1 a 1\/2, e \u00e0 programa\u00e7\u00e3o aprovada pela Diretoria&hellip;<\/p>\n","protected":false},"author":3,"featured_media":0,"comment_status":"open","ping_status":"open","sticky":false,"template":"","format":"standard","meta":{"footnotes":""},"categories":[15],"tags":[92,63],"class_list":["post-1051","post","type-post","status-publish","format-standard","hentry","category-noticias","tag-andes","tag-aposentados","category-15","description-off"],"_links":{"self":[{"href":"https:\/\/www.adufpb.org.br\/site\/wp-json\/wp\/v2\/posts\/1051","targetHints":{"allow":["GET"]}}],"collection":[{"href":"https:\/\/www.adufpb.org.br\/site\/wp-json\/wp\/v2\/posts"}],"about":[{"href":"https:\/\/www.adufpb.org.br\/site\/wp-json\/wp\/v2\/types\/post"}],"author":[{"embeddable":true,"href":"https:\/\/www.adufpb.org.br\/site\/wp-json\/wp\/v2\/users\/3"}],"replies":[{"embeddable":true,"href":"https:\/\/www.adufpb.org.br\/site\/wp-json\/wp\/v2\/comments?post=1051"}],"version-history":[{"count":0,"href":"https:\/\/www.adufpb.org.br\/site\/wp-json\/wp\/v2\/posts\/1051\/revisions"}],"wp:attachment":[{"href":"https:\/\/www.adufpb.org.br\/site\/wp-json\/wp\/v2\/media?parent=1051"}],"wp:term":[{"taxonomy":"category","embeddable":true,"href":"https:\/\/www.adufpb.org.br\/site\/wp-json\/wp\/v2\/categories?post=1051"},{"taxonomy":"post_tag","embeddable":true,"href":"https:\/\/www.adufpb.org.br\/site\/wp-json\/wp\/v2\/tags?post=1051"}],"curies":[{"name":"wp","href":"https:\/\/api.w.org\/{rel}","templated":true}]}}