{"id":10490,"date":"2015-02-25T09:03:35","date_gmt":"2015-02-25T13:03:35","guid":{"rendered":"http:\/\/www.adufpb.org.br\/site\/?p=10490"},"modified":"2015-02-25T09:03:35","modified_gmt":"2015-02-25T13:03:35","slug":"lancada-a-edicao-55-da-revista-universidade-e-sociedade","status":"publish","type":"post","link":"https:\/\/www.adufpb.org.br\/site\/lancada-a-edicao-55-da-revista-universidade-e-sociedade\/","title":{"rendered":"Lan\u00e7ada a edi\u00e7\u00e3o 55 da Revista Universidade e Sociedade"},"content":{"rendered":"<p><a href=\"http:\/\/www.adufpb.org.br\/site\/wp-content\/uploads\/2015\/02\/congresso-do-andes_2015_4.jpg\"><img loading=\"lazy\" decoding=\"async\" class=\"alignleft size-full wp-image-10491\" alt=\"congresso do andes_2015_4\" src=\"http:\/\/www.adufpb.org.br\/site\/wp-content\/uploads\/2015\/02\/congresso-do-andes_2015_4.jpg\" width=\"208\" height=\"300\" \/><\/a>O n\u00famero 55 da Revista Universidade e Sociedade foi lan\u00e7ada na manh\u00e3 desta segunda-feira (23), durante a plen\u00e1ria de abertura do 34\u00ba Congresso do ANDES-SN em Bras\u00edlia (DF). Os docentes que participam do congresso receberam exemplares da edi\u00e7\u00e3o, que tamb\u00e9m ser\u00e1 disponibilizada \u00e0s se\u00e7\u00f5es sindicais e no site do Sindicato Nacional.<\/p>\n<p>Liliane Machado, 2\u00aa vice-presidente da Regional Planalto do ANDES-SN e membro do conselho editorial da revista, destaca a import\u00e2ncia da revista para o Sindicato Nacional. \u201cN\u00f3s consideramos esse um importante espa\u00e7o de publica\u00e7\u00e3o, n\u00e3o apenas da vida acad\u00eamica, mas principalmente no que tange as quest\u00f5es sindicais. Todos voc\u00eas est\u00e3o aptos e s\u00e3o muito bem vindos a participar dos pr\u00f3ximos n\u00fameros\u201d, afirmou a docente.<\/p>\n<p>Ela citou alguns dos temas que est\u00e3o presentes na edi\u00e7\u00e3o 55 da Universidade e Sociedade: condi\u00e7\u00f5es de trabalho, quest\u00f5es estruturais das universidades e adoecimento docente. Tamb\u00e9m est\u00e3o na revista uma entrevista com Marinalva Oliveira, presidente do ANDES-SN na gest\u00e3o 2012-2014, uma homenagem ao poeta Manoel de Barros e um ensaio fotogr\u00e1fico do I Encontro Nacional de Educa\u00e7\u00e3o (ENE), realizado em agosto de 2014, no Rio de Janeiro.<\/p>\n<p><em>Fonte: ANDES-SN<\/em><\/p>\n","protected":false},"excerpt":{"rendered":"<p>O n\u00famero 55 da Revista Universidade e Sociedade foi lan\u00e7ada na manh\u00e3 desta segunda-feira (23), durante a plen\u00e1ria de abertura do 34\u00ba Congresso do ANDES-SN em Bras\u00edlia (DF). Os docentes que participam do congresso receberam exemplares da edi\u00e7\u00e3o, que tamb\u00e9m ser\u00e1 disponibilizada \u00e0s se\u00e7\u00f5es sindicais e no site do Sindicato Nacional. Liliane Machado, 2\u00aa vice-presidente&hellip;<\/p>\n","protected":false},"author":3,"featured_media":0,"comment_status":"closed","ping_status":"closed","sticky":false,"template":"","format":"standard","meta":{"footnotes":""},"categories":[15],"tags":[495],"class_list":["post-10490","post","type-post","status-publish","format-standard","hentry","category-noticias","tag-34o-congresso-do-andes","category-15","description-off"],"_links":{"self":[{"href":"https:\/\/www.adufpb.org.br\/site\/wp-json\/wp\/v2\/posts\/10490","targetHints":{"allow":["GET"]}}],"collection":[{"href":"https:\/\/www.adufpb.org.br\/site\/wp-json\/wp\/v2\/posts"}],"about":[{"href":"https:\/\/www.adufpb.org.br\/site\/wp-json\/wp\/v2\/types\/post"}],"author":[{"embeddable":true,"href":"https:\/\/www.adufpb.org.br\/site\/wp-json\/wp\/v2\/users\/3"}],"replies":[{"embeddable":true,"href":"https:\/\/www.adufpb.org.br\/site\/wp-json\/wp\/v2\/comments?post=10490"}],"version-history":[{"count":1,"href":"https:\/\/www.adufpb.org.br\/site\/wp-json\/wp\/v2\/posts\/10490\/revisions"}],"predecessor-version":[{"id":10492,"href":"https:\/\/www.adufpb.org.br\/site\/wp-json\/wp\/v2\/posts\/10490\/revisions\/10492"}],"wp:attachment":[{"href":"https:\/\/www.adufpb.org.br\/site\/wp-json\/wp\/v2\/media?parent=10490"}],"wp:term":[{"taxonomy":"category","embeddable":true,"href":"https:\/\/www.adufpb.org.br\/site\/wp-json\/wp\/v2\/categories?post=10490"},{"taxonomy":"post_tag","embeddable":true,"href":"https:\/\/www.adufpb.org.br\/site\/wp-json\/wp\/v2\/tags?post=10490"}],"curies":[{"name":"wp","href":"https:\/\/api.w.org\/{rel}","templated":true}]}}