{"id":10486,"date":"2015-02-25T08:57:35","date_gmt":"2015-02-25T12:57:35","guid":{"rendered":"http:\/\/www.adufpb.org.br\/site\/?p=10486"},"modified":"2015-02-27T10:30:19","modified_gmt":"2015-02-27T14:30:19","slug":"34o-congresso-do-andes-sn-define-centralidade-da-luta-para-2015","status":"publish","type":"post","link":"https:\/\/www.adufpb.org.br\/site\/34o-congresso-do-andes-sn-define-centralidade-da-luta-para-2015\/","title":{"rendered":"34\u00ba Congresso do ANDES-SN define centralidade da luta para 2015"},"content":{"rendered":"<p>A primeira plen\u00e1ria do 34\u00ba Congresso do ANDES-SN, com o tema Movimento Docente, Conjuntura e Centralidade da Luta, gerou um longo e proveitoso debate entre os delegados e observadores presentes em Bras\u00edlia (DF), na \u00faltima segunda-feira (23), primeiro dia do encontro.<\/p>\n<p>Ap\u00f3s cinco horas de debate, o congresso deliberou que a centralidade da luta para 2015 ser\u00e1 \u201cavan\u00e7ar na organiza\u00e7\u00e3o dos docentes e na unidade com movimentos e entidades classistas nacionais e internacionais para enfrentar a mercantiliza\u00e7\u00e3o da educa\u00e7\u00e3o, e intensificar a luta pela valoriza\u00e7\u00e3o do magist\u00e9rio, combatendo as pol\u00edticas neoliberais e defender intransigentemente os direitos dos trabalhadores\u201d.<\/p>\n<p>O debate foi iniciado com a apresenta\u00e7\u00e3o de nove textos do Caderno de Textos sobre o tema, que foram apresentados pelos autores, em falas de cinco minutos. Depois, a discuss\u00e3o foi aberta para inscri\u00e7\u00f5es da plen\u00e1ria.<\/p>\n<p>O presidente do ANDES-SN, Paulo Rizzo, ressaltou em sua fala que h\u00e1 20 anos, em 1995, o Sindicato Nacional tamb\u00e9m realizou seu congresso na capital federal \u2013 culminando as discuss\u00f5es daquele ano em um grande ato no Senado em defesa da educa\u00e7\u00e3o p\u00fablica \u2013 e que nesse ano haver\u00e1 o ato dos servidores p\u00fablicos federais na quarta-feira (25), na Esplanada dos Minist\u00e9rios para lan\u00e7ar a Campanha Salarial Unificada dos SPF.<\/p>\n<p>As interven\u00e7\u00f5es, de acordo com delibera\u00e7\u00e3o da plen\u00e1ria, foram sorteadas para poder contemplar todas as posi\u00e7\u00f5es pol\u00edticas em debate. Entre os assuntos debatidos estiveram a crise econ\u00f4mica e pol\u00edtica, a situa\u00e7\u00e3o pol\u00edtica internacional, com destaque para a Gr\u00e9cia, a precariza\u00e7\u00e3o das condi\u00e7\u00f5es de trabalho, os ajustes fiscais operados pelo governo rec\u00e9m-eleito e as estruturas sindicais.<\/p>\n<p>Maria Regina Moreira, 1\u00aa vice-presidente da Regional Nordeste II do ANDES-SN e respons\u00e1vel por coordenar a mesa da plen\u00e1ria do tema 1 do congresso, avaliou positivamente os resultados do debate e as mudan\u00e7as de metodologia da plen\u00e1ria. \u201cA plen\u00e1ria foi muito importante porque a conjuntura e a centralidade da luta s\u00e3o fundamentais para os debates dos planos de lutas, que ser\u00e3o realizados nos pr\u00f3ximos dias. A mudan\u00e7a de metodologia propiciou uma maior discuss\u00e3o e s\u00edntese entre as propostas apresentadas\u201d, avaliou a diretora do Sindicato Nacional.<\/p>\n<p>O 34\u00ba Congresso do ANDES-SN j\u00e1 conta com, at\u00e9 o momento, 342 delegados, 62 observadores, 5 convidados, 33 diretores e 72 se\u00e7\u00f5es sindicais presentes.<\/p>\n<p><strong>Trabalhadores da Comperj sa\u00fadam congresso<\/strong><\/p>\n<p>Durante o debate, sob a can\u00e7\u00e3o \u201c\u00f4 Dilma, cad\u00ea voc\u00ea, eu vim aqui pra receber\u201d, entraram no congresso os trabalhadores terceirizados demitidos do Complexo Petroqu\u00edmico do Rio de Janeiro (Comperj), que foram ovacionados pelos docentes devido \u00e0 sua grande luta para receber seus sal\u00e1rios e direitos trabalhistas, n\u00e3o pagos nos \u00faltimos tr\u00eas meses. Os trabalhadores acampar\u00e3o em Bras\u00edlia para exigir seus direitos da Petrobras e do governo federal.<\/p>\n<p>Patr\u00edcia Borges de Barros, soldadora da Comperj, ressalta as dificuldades enfrentadas pelos trabalhadores, que foram demitidos sem quaisquer direitos, e t\u00eam enfrentando dificuldades para sustentar suas fam\u00edlias. \u201cEst\u00e1 muito dif\u00edcil para a gente, mas temos recebido ajuda de v\u00e1rias entidades e sindicatos, inclusive para conseguirmos ir aos atos\u201d, diz. Patr\u00edcia ressalta que a Petrobras tem de ser responsabilizada pelos direitos dos seus trabalhadores terceirizados, mas sabe que isso s\u00f3 ser\u00e1 conquistado por luta. \u201cA gente veio disposto a tudo, podemos ficar um m\u00eas, dois meses, mas vamos lutar a at\u00e9 o fim por nossos direitos, porque trabalhamos para isso\u201d, conclui.<\/p>\n<p><strong>Servi\u00e7o<\/strong><\/p>\n<p><strong>34\u00ba Congresso do ANDES-SN<\/strong><br \/>\n<strong>Tema:<\/strong> Manuten\u00e7\u00e3o e Amplia\u00e7\u00e3o dos direitos dos trabalhadores: avan\u00e7ar na organiza\u00e7\u00e3o dos docentes e enfrentar a mercantiliza\u00e7\u00e3o da educa\u00e7\u00e3o<br \/>\n<strong>Data:<\/strong> 23 a 28 de fevereiro de 2015<br \/>\n<strong>Local:<\/strong> ParlaMundi da Legi\u00e3o da Boa Vontade (LBV)<br \/>\n<strong>Endere\u00e7o:<\/strong> SGAS 915 Sul, Lote 714, Asa Sul, Bras\u00edlia \u2013 DF<\/p>\n<p><em>Fonte: ANDES-SN<\/em><\/p>\n","protected":false},"excerpt":{"rendered":"<p>A primeira plen\u00e1ria do 34\u00ba Congresso do ANDES-SN, com o tema Movimento Docente, Conjuntura e Centralidade da Luta, gerou um longo e proveitoso debate entre os delegados e observadores presentes em Bras\u00edlia (DF), na \u00faltima segunda-feira (23), primeiro dia do encontro. Ap\u00f3s cinco horas de debate, o congresso deliberou que a centralidade da luta para&hellip;<\/p>\n","protected":false},"author":3,"featured_media":10487,"comment_status":"closed","ping_status":"closed","sticky":false,"template":"","format":"standard","meta":{"footnotes":""},"categories":[15,417],"tags":[495],"class_list":["post-10486","post","type-post","status-publish","format-standard","has-post-thumbnail","hentry","category-noticias","category-noticias-destaque","tag-34o-congresso-do-andes","category-15","category-417","description-off"],"_links":{"self":[{"href":"https:\/\/www.adufpb.org.br\/site\/wp-json\/wp\/v2\/posts\/10486","targetHints":{"allow":["GET"]}}],"collection":[{"href":"https:\/\/www.adufpb.org.br\/site\/wp-json\/wp\/v2\/posts"}],"about":[{"href":"https:\/\/www.adufpb.org.br\/site\/wp-json\/wp\/v2\/types\/post"}],"author":[{"embeddable":true,"href":"https:\/\/www.adufpb.org.br\/site\/wp-json\/wp\/v2\/users\/3"}],"replies":[{"embeddable":true,"href":"https:\/\/www.adufpb.org.br\/site\/wp-json\/wp\/v2\/comments?post=10486"}],"version-history":[{"count":2,"href":"https:\/\/www.adufpb.org.br\/site\/wp-json\/wp\/v2\/posts\/10486\/revisions"}],"predecessor-version":[{"id":10489,"href":"https:\/\/www.adufpb.org.br\/site\/wp-json\/wp\/v2\/posts\/10486\/revisions\/10489"}],"wp:featuredmedia":[{"embeddable":true,"href":"https:\/\/www.adufpb.org.br\/site\/wp-json\/wp\/v2\/media\/10487"}],"wp:attachment":[{"href":"https:\/\/www.adufpb.org.br\/site\/wp-json\/wp\/v2\/media?parent=10486"}],"wp:term":[{"taxonomy":"category","embeddable":true,"href":"https:\/\/www.adufpb.org.br\/site\/wp-json\/wp\/v2\/categories?post=10486"},{"taxonomy":"post_tag","embeddable":true,"href":"https:\/\/www.adufpb.org.br\/site\/wp-json\/wp\/v2\/tags?post=10486"}],"curies":[{"name":"wp","href":"https:\/\/api.w.org\/{rel}","templated":true}]}}