{"id":10463,"date":"2015-02-12T16:52:32","date_gmt":"2015-02-12T20:52:32","guid":{"rendered":"http:\/\/www.adufpb.org.br\/site\/?p=10463"},"modified":"2015-02-12T16:52:32","modified_gmt":"2015-02-12T20:52:32","slug":"forum-dos-spf-se-reune-para-definir-ato-de-lancamento-da-campanha-unificada-2015","status":"publish","type":"post","link":"https:\/\/www.adufpb.org.br\/site\/forum-dos-spf-se-reune-para-definir-ato-de-lancamento-da-campanha-unificada-2015\/","title":{"rendered":"F\u00f3rum dos SPF se re\u00fane para definir ato de lan\u00e7amento da Campanha Unificada 2015"},"content":{"rendered":"<p><a href=\"http:\/\/www.adufpb.org.br\/site\/wp-content\/uploads\/2015\/02\/F\u00f3rum-dos-SPF.jpg\"><img loading=\"lazy\" decoding=\"async\" class=\"alignleft size-medium wp-image-10464\" alt=\"F\u00f3rum dos SPF\" src=\"http:\/\/www.adufpb.org.br\/site\/wp-content\/uploads\/2015\/02\/F\u00f3rum-dos-SPF-300x200.jpg\" width=\"300\" height=\"200\" srcset=\"https:\/\/www.adufpb.org.br\/site\/wp-content\/uploads\/2015\/02\/F\u00f3rum-dos-SPF-300x200.jpg 300w, https:\/\/www.adufpb.org.br\/site\/wp-content\/uploads\/2015\/02\/F\u00f3rum-dos-SPF.jpg 450w\" sizes=\"auto, (max-width: 300px) 100vw, 300px\" \/><\/a>Na manh\u00e3 da \u00faltima quarta-feira (11), representantes das entidades que integram o F\u00f3rum Nacional dos Servidores P\u00fablicos Federais (SFP) se reuniram, na sede do ANDES-SN em Bras\u00edlia (DF), para tratar do lan\u00e7amento da Campanha Salarial Unificada de 2015, dos desdobramentos da reuni\u00e3o ampliada ocorrida nos dias 31 de janeiro e 1\u00b0 de fevereiro em Bras\u00edlia (DF), e da solicita\u00e7\u00e3o de audi\u00eancia com o ministro Ricardo Lewandowski, presidente do Supremo Tribunal Federal (STF), para cobrar o reajuste anual das remunera\u00e7\u00f5es dos SPF.<\/p>\n<p>No dia 25 de fevereiro, acontecer\u00e1 o lan\u00e7amento oficial da Campanha dos SPF, com ato nacional em Bras\u00edlia, em frente ao Minist\u00e9rio do Planejamento, Or\u00e7amento e Gest\u00e3o (Mpog), al\u00e9m da realiza\u00e7\u00e3o de um Dia Nacional de Lutas, com atos, assembleias e paralisa\u00e7\u00f5es nos estados. Segundo Amauri Fragoso de Medeiros, 1\u00ba tesoureiro do ANDES-SN, na reuni\u00e3o do F\u00f3rum foi definida a comiss\u00e3o organizadora do ato, composta por integrantes do ANDES-SN, CSP-Conlutas e Condsef e Unacon, que se responsabilizar\u00e1 por quest\u00f5es relativas \u00e0 infraestrutura da a\u00e7\u00e3o.<\/p>\n<p>&#8220;Vamos trazer servidores p\u00fablicos de todo o Brasil, todas as entidades se comprometeram a trazer representa\u00e7\u00f5es para a a\u00e7\u00e3o. Esperamos que seja um ato grande e represente a for\u00e7a dos servidores p\u00fablicos na tentativa de recompor os seus sal\u00e1rios\u201d. O ato contar\u00e1 tamb\u00e9m com a participa\u00e7\u00e3o dos docentes do 34\u00ba Congresso do ANDES-SN, que estar\u00e3o reunidos na capital federal entre 23 e 28 de fevereiro. Segundo ele, o ato ser\u00e1 um reflexo do sucesso da reuni\u00e3o ampliada, ocorrida nos dias 31 de janeiro e 1\u00b0 de fevereiro, que mostrou a unidade e consenso dos servidores p\u00fablicos no encaminhamento das pautas. <a href=\"http:\/\/portal.andes.org.br\/imprensa\/noticias\/imp-ult-664204896.pdf\" target=\"_blank\">Confira aqui os eixos e as pautas de mobiliza\u00e7\u00e3o da Campanha Unificada<\/a>.<\/p>\n<p><strong>Pol\u00edtica Salarial<\/strong><\/p>\n<p>Ainda na reuni\u00e3o, o F\u00f3rum aprovou uma carta ao presidente do Supremo Tribunal Federal (STF), Ricardo Lewandowski, para cobrar o reajuste anual das remunera\u00e7\u00f5es dos SPF. Foi criada uma comiss\u00e3o, com representantes do Sindicato Nacional, Unacon e da Fenajufe, para protocolar o documento no STF nesta quarta. \u201cEssa carta solicita uma audi\u00eancia com o ministro sobre a quest\u00e3o da pol\u00edtica salarial. Est\u00e1 na Constitui\u00e7\u00e3o, no artigo 37, que todos os servidores p\u00fablicos t\u00eam que ter revis\u00e3o geral dos seus sal\u00e1rios e h\u00e1 14 anos o governo n\u00e3o cumpre com isso. Estamos pedindo que o STF tome alguma provid\u00eancia com rela\u00e7\u00e3o a isso\u201d, explicou Medeiros. Confira <a href=\"http:\/\/portal.andes.org.br\/imprensa\/noticias\/imp-ult-770434380.pdf\" target=\"_blank\">aqui <\/a>o documento<\/p>\n<p><strong>Calend\u00e1rio de lutas<\/strong><\/p>\n<p>25 de fevereiro: Ato de lan\u00e7amento da Campanha Salarial 2015 em Bras\u00edlia (DF), no MPOG (Bloco K), com concentra\u00e7\u00e3o \u00e0s 9h;<\/p>\n<p>25 de fevereiro: Dia Nacional de Luta com atos, assembleias e paralisa\u00e7\u00f5es nos estados;<\/p>\n<p>M\u00eas de mar\u00e7o: Jornada de Luta nos estados, com discuss\u00e3o sobre indicativo de greve;<\/p>\n<p>6 de mar\u00e7o: Ato nacional no Rio de Janeiro e nos estados contra a privatiza\u00e7\u00e3o do SUS e contra a Ebserh;<\/p>\n<p>7 a 9 de abril: Jornada nacional de Lutas, em Bras\u00edlia com discuss\u00e3o sobre indicativo de greve dos SPFs.<\/p>\n<p><strong>Servi\u00e7o<\/strong><\/p>\n<p><strong>Ato Nacional do lan\u00e7amento da Campanha dos SPF<\/strong><\/p>\n<p><strong>Hora:<\/strong> 9h \u2013 Concentra\u00e7\u00e3o<\/p>\n<p><strong>Local:<\/strong> Minist\u00e9rio do Planejamento, Or\u00e7amento e Gest\u00e3o, Esplanada dos Minist\u00e9rios<\/p>\n<p><strong>Endere\u00e7o:<\/strong> Esplanada dos Minist\u00e9rios, Bloco K<\/p>\n<p><strong>Cidade:<\/strong> Bras\u00edlia (DF)<\/p>\n<p><em>Fonte: ANDES-SN<\/em><\/p>\n","protected":false},"excerpt":{"rendered":"<p>Na manh\u00e3 da \u00faltima quarta-feira (11), representantes das entidades que integram o F\u00f3rum Nacional dos Servidores P\u00fablicos Federais (SFP) se reuniram, na sede do ANDES-SN em Bras\u00edlia (DF), para tratar do lan\u00e7amento da Campanha Salarial Unificada de 2015, dos desdobramentos da reuni\u00e3o ampliada ocorrida nos dias 31 de janeiro e 1\u00b0 de fevereiro em Bras\u00edlia&hellip;<\/p>\n","protected":false},"author":3,"featured_media":0,"comment_status":"closed","ping_status":"closed","sticky":false,"template":"","format":"standard","meta":{"footnotes":""},"categories":[15],"tags":[529,187],"class_list":["post-10463","post","type-post","status-publish","format-standard","hentry","category-noticias","tag-campanha-unificada-2015","tag-spfs","category-15","description-off"],"_links":{"self":[{"href":"https:\/\/www.adufpb.org.br\/site\/wp-json\/wp\/v2\/posts\/10463","targetHints":{"allow":["GET"]}}],"collection":[{"href":"https:\/\/www.adufpb.org.br\/site\/wp-json\/wp\/v2\/posts"}],"about":[{"href":"https:\/\/www.adufpb.org.br\/site\/wp-json\/wp\/v2\/types\/post"}],"author":[{"embeddable":true,"href":"https:\/\/www.adufpb.org.br\/site\/wp-json\/wp\/v2\/users\/3"}],"replies":[{"embeddable":true,"href":"https:\/\/www.adufpb.org.br\/site\/wp-json\/wp\/v2\/comments?post=10463"}],"version-history":[{"count":1,"href":"https:\/\/www.adufpb.org.br\/site\/wp-json\/wp\/v2\/posts\/10463\/revisions"}],"predecessor-version":[{"id":10465,"href":"https:\/\/www.adufpb.org.br\/site\/wp-json\/wp\/v2\/posts\/10463\/revisions\/10465"}],"wp:attachment":[{"href":"https:\/\/www.adufpb.org.br\/site\/wp-json\/wp\/v2\/media?parent=10463"}],"wp:term":[{"taxonomy":"category","embeddable":true,"href":"https:\/\/www.adufpb.org.br\/site\/wp-json\/wp\/v2\/categories?post=10463"},{"taxonomy":"post_tag","embeddable":true,"href":"https:\/\/www.adufpb.org.br\/site\/wp-json\/wp\/v2\/tags?post=10463"}],"curies":[{"name":"wp","href":"https:\/\/api.w.org\/{rel}","templated":true}]}}