{"id":10442,"date":"2015-02-06T13:01:53","date_gmt":"2015-02-06T17:01:53","guid":{"rendered":"http:\/\/www.adufpb.org.br\/site\/?p=10442"},"modified":"2015-02-06T13:01:53","modified_gmt":"2015-02-06T17:01:53","slug":"assembleia-elege-delegados-para-o-34o-congresso-do-andes-sn","status":"publish","type":"post","link":"https:\/\/www.adufpb.org.br\/site\/assembleia-elege-delegados-para-o-34o-congresso-do-andes-sn\/","title":{"rendered":"Assembleia elege delegados para o 34\u00ba Congresso do Andes-SN"},"content":{"rendered":"<p>Os professores dos campi I e IV elegeram na \u00faltima quinta-feira (5\/2) oito delegados que ir\u00e3o representar a ADUFPB no 34\u00ba Congresso do Andes \u2013 Sindicato Nacional, a ser realizado de 23 a 28 de fevereiro. A vota\u00e7\u00e3o aconteceu durante assembleia geral realizada pela manh\u00e3 no Centro de Viv\u00eancia do campus I, em Jo\u00e3o Pessoa.<\/p>\n<p>Os delegados eleitos foram os professores (as) Auta Costa, Edson Moraes, Gl\u00e1ucia Guimar\u00e3es, Fernando Cunha, Carlos Cartaxo, Jo\u00e3o Francisco da Silva, Galdino Toscano e Terezinha Diniz. Na pr\u00f3xima ter\u00e7a-feira (10\/2) ser\u00e3o escolhidos mais dois representantes durante assembleias nos campi de Bananeiras (pela manh\u00e3) e Areia (\u00e0 tarde).<\/p>\n<p>No total, a ADUFPB tem direito a 11 delegados no Congresso do Andes-SN (dez eleitos em assembleia e um da Diretoria Executiva). O evento acontecer\u00e1 em Bras\u00edlia e ter\u00e1 como assunto central o tema \u201cManuten\u00e7\u00e3o e Amplia\u00e7\u00e3o dos direitos dos trabalhadores: avan\u00e7ar na organiza\u00e7\u00e3o dos docentes e enfrentar a mercantiliza\u00e7\u00e3o da educa\u00e7\u00e3o\u201d.<\/p>\n<p><b><a href=\"http:\/\/www.adufpb.org.br\/site\/wp-content\/uploads\/2015\/02\/DSC06152.jpg\"><img loading=\"lazy\" decoding=\"async\" class=\"alignright size-medium wp-image-10412\" alt=\"DSC06152\" src=\"http:\/\/www.adufpb.org.br\/site\/wp-content\/uploads\/2015\/02\/DSC06152-300x225.jpg\" width=\"300\" height=\"225\" srcset=\"https:\/\/www.adufpb.org.br\/site\/wp-content\/uploads\/2015\/02\/DSC06152-300x225.jpg 300w, https:\/\/www.adufpb.org.br\/site\/wp-content\/uploads\/2015\/02\/DSC06152.jpg 1024w\" sizes=\"auto, (max-width: 300px) 100vw, 300px\" \/><\/a>Informes<\/b><\/p>\n<p>A assembleia de quinta-feira foi aberta pelo presidente da ADUFPB, Jaldes Reis de Meneses, com informes da Reuni\u00e3o Ampliada dos Servidores P\u00fablicos Federais, organizada pelo F\u00f3rum das Entidades Nacionais dos SPFs, em Bras\u00edlia (DF), no \u00faltimo fim de semana.<\/p>\n<p>O evento definiu uma pauta \u00fanica de reivindica\u00e7\u00f5es dos servidores p\u00fablicos federais, que inclui \u00edndice de reajuste para todas as categorias dos tr\u00eas poderes de 27,3%, data base em maio e abertura de discuss\u00e3o sobre a Funpresp (Funda\u00e7\u00e3o de Previd\u00eancia Complementar do Servidor P\u00fablico Federal).<\/p>\n<p>Tamb\u00e9m ficou definido um calend\u00e1rio de atividades. No dia 25 de fevereiro, ser\u00e1 realizado o lan\u00e7amento oficial da Campanha Salarial 2015 dos SPFs, e, no final de mar\u00e7o, haver\u00e1 a Semana Nacional de Luta. Na Para\u00edba, ser\u00e1 realizada, no dia 7 de mar\u00e7o, uma reuni\u00e3o de organiza\u00e7\u00e3o dos representantes locais do F\u00f3rum dos Servidores P\u00fablicos Federais. A atividade acontecer\u00e1 no audit\u00f3rio do Sintespb (Sindicato dos Trabalhadores em Ensino Superior da Para\u00edba), no campus I da UFPB.<\/p>\n<p>Segundo informe do diretor de Pol\u00edtica Educacional da ADUFPB, Fernando Cunha, outra atividade sindical importante na Para\u00edba acontecer\u00e1 no dia 2 de mar\u00e7o e est\u00e1 sendo organizada pela Frente de Defesa dos Trabalhadores em Transporte P\u00fablico. \u201cO evento ser\u00e1 \u00e0s 15h e vai divulgar o Projeto de Lei de autoria popular contra a demiss\u00e3o de trabalhadores do transporte p\u00fablico\u201d, informou.<\/p>\n<p><b>Conjuntura<\/b><\/p>\n<p>Segundo Jaldes Meneses, a reuni\u00e3o ampliada do \u00faltimo fim de semana analisou dois temas principais: o recente pacote de medidas do Governo Dilma (que impactou nos direitos previdenci\u00e1rios e trabalhistas) e a implanta\u00e7\u00e3o de reajuste salarial em 2015. Jaldes afirma que as entidades foram un\u00e2nimes em rejeitar a a\u00e7\u00e3o que o Governo Federal vem desenvolvendo com a justificativa de combate \u00e0 crise econ\u00f4mica.<\/p>\n<p><a href=\"http:\/\/www.adufpb.org.br\/site\/wp-content\/uploads\/2015\/02\/DSC06133.jpg\"><img loading=\"lazy\" decoding=\"async\" class=\"alignleft size-medium wp-image-10422\" alt=\"DSC06133\" src=\"http:\/\/www.adufpb.org.br\/site\/wp-content\/uploads\/2015\/02\/DSC06133-300x225.jpg\" width=\"300\" height=\"225\" srcset=\"https:\/\/www.adufpb.org.br\/site\/wp-content\/uploads\/2015\/02\/DSC06133-300x225.jpg 300w, https:\/\/www.adufpb.org.br\/site\/wp-content\/uploads\/2015\/02\/DSC06133.jpg 1024w\" sizes=\"auto, (max-width: 300px) 100vw, 300px\" \/><\/a>De acordo com o presidente da ADUFPB, as universidades brasileiras \u2013 assim como toda a sociedade \u2013 v\u00e3o viver um per\u00edodo de \u201cvacas magras\u201d. A fase de expans\u00e3o promovida pelo Reuni se exauriu e deixou de heran\u00e7a alguns problemas. \u201cEsse crescimento quantitativo n\u00e3o enfrentou quest\u00f5es hist\u00f3ricos das universidades, como, por exemplo, a da produtividade\u201d, afirma.<\/p>\n<p>Al\u00e9m da crise econ\u00f4mica e da crise da educa\u00e7\u00e3o, o Brasil enfrenta uma crise energ\u00e9tica, que, segundo Jaldes Meneses, deve levar o pa\u00eds uma recess\u00e3o econ\u00f4mica. \u201c\u00c9 um momento de crise, n\u00e3o h\u00e1 d\u00favidas disso. Mas tamb\u00e9m \u00e9 a oportunidade de discutimos v\u00e1rias quest\u00f5es importantes, como a da matriz energ\u00e9tica brasileira\u201d, explicou.<\/p>\n<p><b>Fundo de greve<\/b><\/p>\n<p>A assembleia geral de professores da \u00faltima quinta-feira tamb\u00e9m deliberou sobre o Fundo de Greve da ADUFPB. Ficou definido que a reserva de recursos para despesas no caso de uma eventual greve ser\u00e1 formada por 1% da receita bruta do Sindicato (que atualmente gira em torno de R$ 240 mil por m\u00eas) e ser\u00e1 depositada em uma conta em separado.<\/p>\n<p><em>Fonte: Ascom ADUFPB<\/em><\/p>\n","protected":false},"excerpt":{"rendered":"<p>Os professores dos campi I e IV elegeram na \u00faltima quinta-feira (5\/2) oito delegados que ir\u00e3o representar a ADUFPB no 34\u00ba Congresso do Andes \u2013 Sindicato Nacional, a ser realizado de 23 a 28 de fevereiro. A vota\u00e7\u00e3o aconteceu durante assembleia geral realizada pela manh\u00e3 no Centro de Viv\u00eancia do campus I, em Jo\u00e3o Pessoa.&hellip;<\/p>\n","protected":false},"author":3,"featured_media":10427,"comment_status":"closed","ping_status":"closed","sticky":false,"template":"","format":"standard","meta":{"footnotes":""},"categories":[417],"tags":[95,525,526,480,26,187],"class_list":["post-10442","post","type-post","status-publish","format-standard","has-post-thumbnail","hentry","category-noticias-destaque","tag-assembleias","tag-campanha-salarial-2015","tag-campanha-salarial-unificada","tag-fundo-de-greve","tag-mobilizacao","tag-spfs","category-417","description-off"],"_links":{"self":[{"href":"https:\/\/www.adufpb.org.br\/site\/wp-json\/wp\/v2\/posts\/10442","targetHints":{"allow":["GET"]}}],"collection":[{"href":"https:\/\/www.adufpb.org.br\/site\/wp-json\/wp\/v2\/posts"}],"about":[{"href":"https:\/\/www.adufpb.org.br\/site\/wp-json\/wp\/v2\/types\/post"}],"author":[{"embeddable":true,"href":"https:\/\/www.adufpb.org.br\/site\/wp-json\/wp\/v2\/users\/3"}],"replies":[{"embeddable":true,"href":"https:\/\/www.adufpb.org.br\/site\/wp-json\/wp\/v2\/comments?post=10442"}],"version-history":[{"count":2,"href":"https:\/\/www.adufpb.org.br\/site\/wp-json\/wp\/v2\/posts\/10442\/revisions"}],"predecessor-version":[{"id":10444,"href":"https:\/\/www.adufpb.org.br\/site\/wp-json\/wp\/v2\/posts\/10442\/revisions\/10444"}],"wp:featuredmedia":[{"embeddable":true,"href":"https:\/\/www.adufpb.org.br\/site\/wp-json\/wp\/v2\/media\/10427"}],"wp:attachment":[{"href":"https:\/\/www.adufpb.org.br\/site\/wp-json\/wp\/v2\/media?parent=10442"}],"wp:term":[{"taxonomy":"category","embeddable":true,"href":"https:\/\/www.adufpb.org.br\/site\/wp-json\/wp\/v2\/categories?post=10442"},{"taxonomy":"post_tag","embeddable":true,"href":"https:\/\/www.adufpb.org.br\/site\/wp-json\/wp\/v2\/tags?post=10442"}],"curies":[{"name":"wp","href":"https:\/\/api.w.org\/{rel}","templated":true}]}}