{"id":10391,"date":"2015-02-03T13:26:40","date_gmt":"2015-02-03T17:26:40","guid":{"rendered":"http:\/\/www.adufpb.org.br\/site\/?p=10391"},"modified":"2015-02-03T13:26:40","modified_gmt":"2015-02-03T17:26:40","slug":"servidores-federais-vao-ao-congresso-entregar-carta-aos-parlamentares","status":"publish","type":"post","link":"https:\/\/www.adufpb.org.br\/site\/servidores-federais-vao-ao-congresso-entregar-carta-aos-parlamentares\/","title":{"rendered":"Servidores federais v\u00e3o ao Congresso entregar Carta aos Parlamentares"},"content":{"rendered":"<p><a href=\"http:\/\/www.adufpb.org.br\/site\/wp-content\/uploads\/2015\/02\/Servidores-federais-v\u00e3o-ao-Congresso-entregar-Carta-aos-Parlamentares.jpg\"><img loading=\"lazy\" decoding=\"async\" class=\"alignleft size-medium wp-image-10393\" alt=\"Servidores federais v\u00e3o ao Congresso entregar Carta aos Parlamentares\" src=\"http:\/\/www.adufpb.org.br\/site\/wp-content\/uploads\/2015\/02\/Servidores-federais-v\u00e3o-ao-Congresso-entregar-Carta-aos-Parlamentares-300x200.jpg\" width=\"300\" height=\"200\" srcset=\"https:\/\/www.adufpb.org.br\/site\/wp-content\/uploads\/2015\/02\/Servidores-federais-v\u00e3o-ao-Congresso-entregar-Carta-aos-Parlamentares-300x200.jpg 300w, https:\/\/www.adufpb.org.br\/site\/wp-content\/uploads\/2015\/02\/Servidores-federais-v\u00e3o-ao-Congresso-entregar-Carta-aos-Parlamentares.jpg 450w\" sizes=\"auto, (max-width: 300px) 100vw, 300px\" \/><\/a>Representantes das entidades que comp\u00f5em o F\u00f3rum dos Servidores P\u00fablicos Federais foram ao Congresso Nacional nesta segunda-feira (2) para entregar uma carta aos parlamentares, reivindicando a retirada de pauta, do Senado e da C\u00e2mara, de projetos de lei e medidas provis\u00f3rias que atacam os direitos dos trabalhadores e precarizam os servi\u00e7os p\u00fablicos.<\/p>\n<p>\u201cNesse ato estamos chamando a aten\u00e7\u00e3o dos deputados para o conjunto de projetos de lei que tramitam na C\u00e2mara Federal, que retiram direitos sociais, para que eles sejam arquivados. Destacamos tamb\u00e9m os projetos de interesse dos trabalhadores como, por exemplo, a regulamenta\u00e7\u00e3o da Conven\u00e7\u00e3o 151 da OIT, para que haja negocia\u00e7\u00e3o coletiva dos servidores, o PL 3299\/08 que extingue o fator previdenci\u00e1rio -, a aprova\u00e7\u00e3o da PEC 555, que acaba com a injusta cobran\u00e7a de contribui\u00e7\u00e3o dos servidores aposentados\u201d, explicou Paulo Rizzo, presidente do ANDES-SN, ressaltando a preocupa\u00e7\u00e3o das entidades com o projeto que discute o direito de greve, e busca impedir a organiza\u00e7\u00e3o dos trabalhadores no servi\u00e7o p\u00fablico e o PL 4330, das terceiriza\u00e7\u00f5es.<a href=\"http:\/\/www.adufpb.org.br\/site\/wp-content\/uploads\/2015\/02\/Servidores-federais-v\u00e3o-ao-Congresso-entregar-Carta-aos-Parlamentares2.jpg\"><img loading=\"lazy\" decoding=\"async\" class=\"alignright size-medium wp-image-10392\" alt=\"Servidores federais v\u00e3o ao Congresso entregar Carta aos Parlamentares2\" src=\"http:\/\/www.adufpb.org.br\/site\/wp-content\/uploads\/2015\/02\/Servidores-federais-v\u00e3o-ao-Congresso-entregar-Carta-aos-Parlamentares2-300x222.jpg\" width=\"300\" height=\"222\" srcset=\"https:\/\/www.adufpb.org.br\/site\/wp-content\/uploads\/2015\/02\/Servidores-federais-v\u00e3o-ao-Congresso-entregar-Carta-aos-Parlamentares2-300x222.jpg 300w, https:\/\/www.adufpb.org.br\/site\/wp-content\/uploads\/2015\/02\/Servidores-federais-v\u00e3o-ao-Congresso-entregar-Carta-aos-Parlamentares2.jpg 404w\" sizes=\"auto, (max-width: 300px) 100vw, 300px\" \/><\/a><\/p>\n<p><a href=\"http:\/\/portal.andes.org.br\/imprensa\/noticias\/imp-ult-2116227557.pdf\" target=\"_blank\">Confira aqui o documento.<\/a><\/p>\n<p><em>Fonte: ANDES-SN<\/em><\/p>\n","protected":false},"excerpt":{"rendered":"<p>Representantes das entidades que comp\u00f5em o F\u00f3rum dos Servidores P\u00fablicos Federais foram ao Congresso Nacional nesta segunda-feira (2) para entregar uma carta aos parlamentares, reivindicando a retirada de pauta, do Senado e da C\u00e2mara, de projetos de lei e medidas provis\u00f3rias que atacam os direitos dos trabalhadores e precarizam os servi\u00e7os p\u00fablicos. \u201cNesse ato estamos&hellip;<\/p>\n","protected":false},"author":3,"featured_media":0,"comment_status":"closed","ping_status":"closed","sticky":false,"template":"","format":"standard","meta":{"footnotes":""},"categories":[15],"tags":[520,100,241,187],"class_list":["post-10391","post","type-post","status-publish","format-standard","hentry","category-noticias","tag-camara","tag-congresso","tag-senado","tag-spfs","category-15","description-off"],"_links":{"self":[{"href":"https:\/\/www.adufpb.org.br\/site\/wp-json\/wp\/v2\/posts\/10391","targetHints":{"allow":["GET"]}}],"collection":[{"href":"https:\/\/www.adufpb.org.br\/site\/wp-json\/wp\/v2\/posts"}],"about":[{"href":"https:\/\/www.adufpb.org.br\/site\/wp-json\/wp\/v2\/types\/post"}],"author":[{"embeddable":true,"href":"https:\/\/www.adufpb.org.br\/site\/wp-json\/wp\/v2\/users\/3"}],"replies":[{"embeddable":true,"href":"https:\/\/www.adufpb.org.br\/site\/wp-json\/wp\/v2\/comments?post=10391"}],"version-history":[{"count":1,"href":"https:\/\/www.adufpb.org.br\/site\/wp-json\/wp\/v2\/posts\/10391\/revisions"}],"predecessor-version":[{"id":10394,"href":"https:\/\/www.adufpb.org.br\/site\/wp-json\/wp\/v2\/posts\/10391\/revisions\/10394"}],"wp:attachment":[{"href":"https:\/\/www.adufpb.org.br\/site\/wp-json\/wp\/v2\/media?parent=10391"}],"wp:term":[{"taxonomy":"category","embeddable":true,"href":"https:\/\/www.adufpb.org.br\/site\/wp-json\/wp\/v2\/categories?post=10391"},{"taxonomy":"post_tag","embeddable":true,"href":"https:\/\/www.adufpb.org.br\/site\/wp-json\/wp\/v2\/tags?post=10391"}],"curies":[{"name":"wp","href":"https:\/\/api.w.org\/{rel}","templated":true}]}}