{"id":10370,"date":"2015-02-02T19:42:20","date_gmt":"2015-02-02T23:42:20","guid":{"rendered":"http:\/\/www.adufpb.org.br\/site\/?p=10370"},"modified":"2015-02-02T19:42:20","modified_gmt":"2015-02-02T23:42:20","slug":"nota-de-pesar-49","status":"publish","type":"post","link":"https:\/\/www.adufpb.org.br\/site\/nota-de-pesar-49\/","title":{"rendered":"Nota de pesar"},"content":{"rendered":"<p style=\"text-align: center;\"><a href=\"http:\/\/www.adufpb.org.br\/site\/wp-content\/uploads\/2015\/02\/LENICE-MAGNO.jpg\"><img loading=\"lazy\" decoding=\"async\" class=\"aligncenter size-medium wp-image-10371\" alt=\"LENICE MAGNO\" src=\"http:\/\/www.adufpb.org.br\/site\/wp-content\/uploads\/2015\/02\/LENICE-MAGNO-250x300.jpg\" width=\"250\" height=\"300\" srcset=\"https:\/\/www.adufpb.org.br\/site\/wp-content\/uploads\/2015\/02\/LENICE-MAGNO-250x300.jpg 250w, https:\/\/www.adufpb.org.br\/site\/wp-content\/uploads\/2015\/02\/LENICE-MAGNO.jpg 259w\" sizes=\"auto, (max-width: 250px) 100vw, 250px\" \/><\/a><\/p>\n<p><span style=\"font-size: large;\">A ADUFPB vem a p\u00fablico manifestar o seu profundo pesar pelo falecimento, ocorrido no dia 31 de janeiro de 2015, da professora LENICE MAGNO DE CARVALHO R. DA COSTA, do Departamento de Nutri\u00e7\u00e3o, da Universidade Federal da Para\u00edba e sindicalizada da ADUFPB.<\/span><\/p>\n<p><span style=\"font-size: large;\">Aos membros da fam\u00edlia e amigos, nossos p\u00easames.<\/span><\/p>\n<p style=\"text-align: center;\"><span style=\"font-size: large;\">Jo\u00e3o Pessoa, 02 de fevereiro de 2015.<\/span><\/p>\n<p style=\"text-align: center;\"><span style=\"font-size: large;\">Diretoria Executiva da ADUFPB<\/span><\/p>\n","protected":false},"excerpt":{"rendered":"<p>A ADUFPB vem a p\u00fablico manifestar o seu profundo pesar pelo falecimento, ocorrido no dia 31 de janeiro de 2015, da professora LENICE MAGNO DE CARVALHO R. DA COSTA, do Departamento de Nutri\u00e7\u00e3o, da Universidade Federal da Para\u00edba e sindicalizada da ADUFPB. Aos membros da fam\u00edlia e amigos, nossos p\u00easames. Jo\u00e3o Pessoa, 02 de fevereiro&hellip;<\/p>\n","protected":false},"author":3,"featured_media":0,"comment_status":"closed","ping_status":"closed","sticky":false,"template":"","format":"standard","meta":{"footnotes":""},"categories":[15],"tags":[],"class_list":["post-10370","post","type-post","status-publish","format-standard","hentry","category-noticias","category-15","description-off"],"_links":{"self":[{"href":"https:\/\/www.adufpb.org.br\/site\/wp-json\/wp\/v2\/posts\/10370","targetHints":{"allow":["GET"]}}],"collection":[{"href":"https:\/\/www.adufpb.org.br\/site\/wp-json\/wp\/v2\/posts"}],"about":[{"href":"https:\/\/www.adufpb.org.br\/site\/wp-json\/wp\/v2\/types\/post"}],"author":[{"embeddable":true,"href":"https:\/\/www.adufpb.org.br\/site\/wp-json\/wp\/v2\/users\/3"}],"replies":[{"embeddable":true,"href":"https:\/\/www.adufpb.org.br\/site\/wp-json\/wp\/v2\/comments?post=10370"}],"version-history":[{"count":2,"href":"https:\/\/www.adufpb.org.br\/site\/wp-json\/wp\/v2\/posts\/10370\/revisions"}],"predecessor-version":[{"id":10374,"href":"https:\/\/www.adufpb.org.br\/site\/wp-json\/wp\/v2\/posts\/10370\/revisions\/10374"}],"wp:attachment":[{"href":"https:\/\/www.adufpb.org.br\/site\/wp-json\/wp\/v2\/media?parent=10370"}],"wp:term":[{"taxonomy":"category","embeddable":true,"href":"https:\/\/www.adufpb.org.br\/site\/wp-json\/wp\/v2\/categories?post=10370"},{"taxonomy":"post_tag","embeddable":true,"href":"https:\/\/www.adufpb.org.br\/site\/wp-json\/wp\/v2\/tags?post=10370"}],"curies":[{"name":"wp","href":"https:\/\/api.w.org\/{rel}","templated":true}]}}