{"id":1036,"date":"2010-04-27T19:30:18","date_gmt":"2010-04-27T23:30:18","guid":{"rendered":"http:\/\/www.adufpb.org.br\/site\/?p=1036"},"modified":"2010-04-27T19:30:18","modified_gmt":"2010-04-27T23:30:18","slug":"candidato-nas-eleicoes-do-andes-sn-participa-de-debate-sobre-pec-549","status":"publish","type":"post","link":"https:\/\/www.adufpb.org.br\/site\/candidato-nas-eleicoes-do-andes-sn-participa-de-debate-sobre-pec-549\/","title":{"rendered":"Candidato nas elei\u00e7\u00f5es do ANDES-SN participa de debate sobre PEC 549"},"content":{"rendered":"<p style=\"TEXT-ALIGN: left\"><img loading=\"lazy\" decoding=\"async\" class=\"alignleft size-medium wp-image-1041\" title=\"schu\" src=\"http:\/\/www.adufpb.org.br\/site\/wp-content\/uploads\/2010\/04\/schu-300x298.jpg\" alt=\"schu\" width=\"300\" height=\"298\" srcset=\"https:\/\/www.adufpb.org.br\/site\/wp-content\/uploads\/2010\/04\/schu-300x298.jpg 300w, https:\/\/www.adufpb.org.br\/site\/wp-content\/uploads\/2010\/04\/schu-150x150.jpg 150w, https:\/\/www.adufpb.org.br\/site\/wp-content\/uploads\/2010\/04\/schu.jpg 477w\" sizes=\"auto, (max-width: 300px) 100vw, 300px\" \/>O candidato a 1\u00ba vice-presidente do ANDES-SN, professor Luiz Henrique Schuch (Universidade de Pelotas \u2013 ADUFPEL-SSind), vai estar em Jo\u00e3o Pessoa no pr\u00f3ximo dia 6 de maio (quinta-feira) comandando o debate \u201cA PEC 549 e a Pol\u00edtica Salarial Docente\u201d. O evento \u00e9 aberto a todos os professores e ser\u00e1 realizado, a partir das 16h, na Sala de Leitura da sede da ADUFPB, localizada no Centro de Viv\u00eancia do Campus I, em Jo\u00e3o Pessoa.<\/p>\n<p style=\"TEXT-ALIGN: left\">Integrante da Chapa 1 \u201cANDES Aut\u00f4noma e Democr\u00e1tica\u201d, Luiz Henrique Schuch vem \u00e0 UFPB em campanha para a elei\u00e7\u00e3o que acontece nos dias 11 e 12 de maio. Durante o debate na Sala de Leitura, ele vai fazer uma an\u00e1lise global das pol\u00edticas do governo Lula para o servi\u00e7o p\u00fablico federal, especialmente os docentes universit\u00e1rios. Esbo\u00e7ar\u00e1, ainda, uma proposta de reivindica\u00e7\u00f5es salariais ao governo e tamb\u00e9m realizar\u00e1 uma an\u00e1lise de como se encontra o movimento docente e o ANDES hoje.<\/p>\n<p><strong>O que \u00e9 a PEC 549<\/strong><br \/>\nO Projeto de Lei Complementar 549\/2010, em emenda \u00e0 Lei de Responsabilidade Fiscal, congela os sal\u00e1rios dos servidores p\u00fablicos por 10 anos, impede novos concursos para reposi\u00e7\u00e3o de pessoal e reduz drasticamente os gastos com investimento na administra\u00e7\u00e3o p\u00fablica. O texto, de autoria da Casa Civil, j\u00e1 foi aprovado no Senado Federal e agora tramita na C\u00e2mara dos Deputados. O l\u00edder do Governo na C\u00e2mara, deputado C\u00e2ndido Vacarezza (PT-SP), j\u00e1 declarou que bancada governista tem todo o interesse de aprovar o projeto at\u00e9 julho.<\/p>\n<p style=\"TEXT-ALIGN: left\">Em uma carta-aberta \u00e0 popula\u00e7\u00e3o, a Confedera\u00e7\u00e3o Nacional das Entidades dos Servidores Federais (CNESF) explica que o PLP 549, se aprovado, provocar\u00e1 uma redu\u00e7\u00e3o de mais de 25% nas verbas or\u00e7ament\u00e1rias destinadas aos servi\u00e7os de educa\u00e7\u00e3o e sa\u00fade no Pa\u00eds. Al\u00e9m disso, a desvaloriza\u00e7\u00e3o dos profissionais p\u00fablicos, que ter\u00e3o seus sal\u00e1rios reduzidos em mais de \u00bc nos pr\u00f3ximos dez anos, far\u00e1 com que boa parte abandone a fun\u00e7\u00e3o p\u00fablica, trazendo ainda mais dificuldade no atendimento \u00e0 popula\u00e7\u00e3o.<\/p>\n<p style=\"TEXT-ALIGN: left\">A CNESF denuncia que o dinheiro economizado pelo governo com essas medidas servir\u00e1 t\u00e3o somente para o pagamento da chamada \u201cd\u00edvida p\u00fablica\u201d, com os ricos bancos internacionais. A entidade lembra que, no per\u00edodo de 1995 a 2009, os gastos com a d\u00edvida p\u00fablica aumentaram em mais de oito vezes, enquanto as despesas com pessoal da administra\u00e7\u00e3o p\u00fablica federal cresceram apenas 3,5 vezes.<\/p>\n<p style=\"TEXT-ALIGN: left\">\n<p style=\"TEXT-ALIGN: center\"><strong>ANOTE<\/strong><\/p>\n<p style=\"TEXT-ALIGN: left\"><strong>Debate:<\/strong> \u201cA PEC 549 e a Pol\u00edtica Salarial Docente<br \/>\n<strong>Data:<\/strong> 6 maio (quinta-feira)<br \/>\n<strong>Hor\u00e1rio:<\/strong> 16h<br \/>\n<strong>Local:<\/strong> Sala de Leitura da ADUFPB, no Campus 1, em Jo\u00e3o Pessoa<\/p>\n","protected":false},"excerpt":{"rendered":"<p>O candidato a 1\u00ba vice-presidente do ANDES-SN, professor Luiz Henrique Schuch (Universidade de Pelotas \u2013 ADUFPEL-SSind), vai estar em Jo\u00e3o Pessoa no pr\u00f3ximo dia 6 de maio (quinta-feira) comandando o debate \u201cA PEC 549 e a Pol\u00edtica Salarial Docente\u201d. O evento \u00e9 aberto a todos os professores e ser\u00e1 realizado, a partir das 16h, na&hellip;<\/p>\n","protected":false},"author":3,"featured_media":0,"comment_status":"open","ping_status":"open","sticky":false,"template":"","format":"standard","meta":{"footnotes":""},"categories":[15],"tags":[92,80,145],"class_list":["post-1036","post","type-post","status-publish","format-standard","hentry","category-noticias","tag-andes","tag-palestras","tag-pec-549","category-15","description-off"],"_links":{"self":[{"href":"https:\/\/www.adufpb.org.br\/site\/wp-json\/wp\/v2\/posts\/1036","targetHints":{"allow":["GET"]}}],"collection":[{"href":"https:\/\/www.adufpb.org.br\/site\/wp-json\/wp\/v2\/posts"}],"about":[{"href":"https:\/\/www.adufpb.org.br\/site\/wp-json\/wp\/v2\/types\/post"}],"author":[{"embeddable":true,"href":"https:\/\/www.adufpb.org.br\/site\/wp-json\/wp\/v2\/users\/3"}],"replies":[{"embeddable":true,"href":"https:\/\/www.adufpb.org.br\/site\/wp-json\/wp\/v2\/comments?post=1036"}],"version-history":[{"count":1,"href":"https:\/\/www.adufpb.org.br\/site\/wp-json\/wp\/v2\/posts\/1036\/revisions"}],"predecessor-version":[{"id":1042,"href":"https:\/\/www.adufpb.org.br\/site\/wp-json\/wp\/v2\/posts\/1036\/revisions\/1042"}],"wp:attachment":[{"href":"https:\/\/www.adufpb.org.br\/site\/wp-json\/wp\/v2\/media?parent=1036"}],"wp:term":[{"taxonomy":"category","embeddable":true,"href":"https:\/\/www.adufpb.org.br\/site\/wp-json\/wp\/v2\/categories?post=1036"},{"taxonomy":"post_tag","embeddable":true,"href":"https:\/\/www.adufpb.org.br\/site\/wp-json\/wp\/v2\/tags?post=1036"}],"curies":[{"name":"wp","href":"https:\/\/api.w.org\/{rel}","templated":true}]}}