{"id":10326,"date":"2015-01-26T11:59:48","date_gmt":"2015-01-26T15:59:48","guid":{"rendered":"http:\/\/www.adufpb.org.br\/site\/?p=10326"},"modified":"2015-01-26T12:01:46","modified_gmt":"2015-01-26T16:01:46","slug":"andes-sn-protocola-pedido-de-audiencia-com-ministro-da-educacao-cid-gomes","status":"publish","type":"post","link":"https:\/\/www.adufpb.org.br\/site\/andes-sn-protocola-pedido-de-audiencia-com-ministro-da-educacao-cid-gomes\/","title":{"rendered":"ANDES-SN protocola pedido de audi\u00eancia com ministro da Educa\u00e7\u00e3o Cid Gomes"},"content":{"rendered":"<p>Com o objetivo de retomar a interlocu\u00e7\u00e3o com o Minist\u00e9rio da Educa\u00e7\u00e3o (MEC), principalmente em torno da carreira do professor federal, o ANDES-SN protocolou no dia 14 de janeiro uma solicita\u00e7\u00e3o de audi\u00eancia com o novo encarregado da pasta, ministro Cid Gomes. O documento foi encaminhado para as Se\u00e7\u00f5es Sindicais atrav\u00e9s da circular 004\/2015. <a href=\"http:\/\/portal.andes.org.br\/imprensa\/noticias\/imp-ult-2075121122.pdf\" target=\"_blank\">Confira<\/a>.<\/p>\n<p>Segundo Paulo Rizzo, presidente do Sindicato Nacional, nesta reuni\u00e3o o ANDES-SN pretende apresentar ao novo ministro o que vinha sendo negociado e os princ\u00edpios que foram acordados com a Secretaria de Educa\u00e7\u00e3o Superior (Sesu\/MEC), em abril de 2014, acerca da reestrutura\u00e7\u00e3o da carreira docente, cujo processo foi interrompido pelos representantes do governo naquele m\u00eas.<\/p>\n<p>\u201cVamos buscar com ele a retomada das reuni\u00f5es e abertura di\u00e1logo e com isso j\u00e1 abrir caminho para, ap\u00f3s do 34\u00ba Congresso, que acontece em fevereiro em Bras\u00edlia, apresentarmos a pauta de reivindica\u00e7\u00f5es, que os participantes do congresso ir\u00e3o definir\u201d, ressaltou Rizzo.<\/p>\n<p><strong>Hist\u00f3rico<\/strong><\/p>\n<p>Em reuni\u00e3o com representantes do ANDES-SN no dia 23 de abril, o Secret\u00e1rio de Educa\u00e7\u00e3o Superior do Minist\u00e9rio da Educa\u00e7\u00e3o (Sesu\/MEC) Paulo Speller, formalizou acordo em rela\u00e7\u00e3o aos tr\u00eas primeiros pontos conceituais da reestrutura\u00e7\u00e3o da carreira docente, que foram propostos pelo Sindicato Nacional. <a href=\"http:\/\/portal.andes.org.br\/imprensa\/noticias\/imp-ult-1546412615.pdf\" target=\"_blank\">(Veja aqui)<\/a><\/p>\n<p>Os itens, constantes da pauta de reivindica\u00e7\u00f5es aprovada no 33\u00ba Congresso do Sindicato Nacional e protocolada junto ao MEC, foram indicados pelo Setor das Institui\u00e7\u00f5es Federais de Ensino Superior da entidade, por entender que a reestrutura\u00e7\u00e3o da carreira est\u00e1 diretamente ligada \u00e0 valoriza\u00e7\u00e3o salarial.<\/p>\n<p>A formaliza\u00e7\u00e3o dos pontos aceitos pelo MEC foi uma exig\u00eancia do ANDES-SN, para dar seguimento \u00e0s discuss\u00f5es acerca da reestrutura\u00e7\u00e3o da carreira e demais pontos da pauta.<\/p>\n<p>Na avalia\u00e7\u00e3o Sindicato Nacional, o documento firmado pelo MEC \u00e9 uma sinaliza\u00e7\u00e3o de que o Executivo de certa forma reconhece que a carreira docente foi desestruturada ao longo dos anos.<\/p>\n<p>Em 21 de maio do ano passado, dia de paralisa\u00e7\u00e3o nacional dos docentes das Institui\u00e7\u00f5es Federais de Ensino (IFE), ocorreria a nova reuni\u00e3o para dar continuidade ao processo de negocia\u00e7\u00e3o. No entanto, o compromisso foi suspenso por problemas na agenda do secret\u00e1rio da Sesu\/MEC.Mesmo assim, naquela data o Sindicato Nacional protocolou documento junto \u00e0 Sesu\/MEC com proposta dos pr\u00f3ximos pontos para discuss\u00e3o <a href=\"http:\/\/portal.andes.org.br\/imprensa\/noticias\/imp-ult-351105860.pdf\" target=\"_blank\">(leia aqui)<\/a>. Desde ent\u00e3o, o ANDES-SN busca a reabertura do di\u00e1logo com o Minist\u00e9rio da Educa\u00e7\u00e3o.<\/p>\n<p><em>Fonte: ANDES-SN<\/em><\/p>\n","protected":false},"excerpt":{"rendered":"<p>Com o objetivo de retomar a interlocu\u00e7\u00e3o com o Minist\u00e9rio da Educa\u00e7\u00e3o (MEC), principalmente em torno da carreira do professor federal, o ANDES-SN protocolou no dia 14 de janeiro uma solicita\u00e7\u00e3o de audi\u00eancia com o novo encarregado da pasta, ministro Cid Gomes. O documento foi encaminhado para as Se\u00e7\u00f5es Sindicais atrav\u00e9s da circular 004\/2015. Confira.&hellip;<\/p>\n","protected":false},"author":3,"featured_media":0,"comment_status":"closed","ping_status":"closed","sticky":false,"template":"","format":"standard","meta":{"footnotes":""},"categories":[15],"tags":[143,25,71],"class_list":["post-10326","post","type-post","status-publish","format-standard","hentry","category-noticias","tag-campanha-salarial","tag-carreira-docente","tag-mec","category-15","description-off"],"_links":{"self":[{"href":"https:\/\/www.adufpb.org.br\/site\/wp-json\/wp\/v2\/posts\/10326","targetHints":{"allow":["GET"]}}],"collection":[{"href":"https:\/\/www.adufpb.org.br\/site\/wp-json\/wp\/v2\/posts"}],"about":[{"href":"https:\/\/www.adufpb.org.br\/site\/wp-json\/wp\/v2\/types\/post"}],"author":[{"embeddable":true,"href":"https:\/\/www.adufpb.org.br\/site\/wp-json\/wp\/v2\/users\/3"}],"replies":[{"embeddable":true,"href":"https:\/\/www.adufpb.org.br\/site\/wp-json\/wp\/v2\/comments?post=10326"}],"version-history":[{"count":3,"href":"https:\/\/www.adufpb.org.br\/site\/wp-json\/wp\/v2\/posts\/10326\/revisions"}],"predecessor-version":[{"id":10329,"href":"https:\/\/www.adufpb.org.br\/site\/wp-json\/wp\/v2\/posts\/10326\/revisions\/10329"}],"wp:attachment":[{"href":"https:\/\/www.adufpb.org.br\/site\/wp-json\/wp\/v2\/media?parent=10326"}],"wp:term":[{"taxonomy":"category","embeddable":true,"href":"https:\/\/www.adufpb.org.br\/site\/wp-json\/wp\/v2\/categories?post=10326"},{"taxonomy":"post_tag","embeddable":true,"href":"https:\/\/www.adufpb.org.br\/site\/wp-json\/wp\/v2\/tags?post=10326"}],"curies":[{"name":"wp","href":"https:\/\/api.w.org\/{rel}","templated":true}]}}