{"id":10319,"date":"2015-01-22T23:29:29","date_gmt":"2015-01-23T03:29:29","guid":{"rendered":"http:\/\/www.adufpb.org.br\/site\/?p=10319"},"modified":"2015-02-06T11:23:17","modified_gmt":"2015-02-06T15:23:17","slug":"adufpb-realiza-dia-5-de-fevereiro-primeira-assembleia-geral-de-2015","status":"publish","type":"post","link":"https:\/\/www.adufpb.org.br\/site\/adufpb-realiza-dia-5-de-fevereiro-primeira-assembleia-geral-de-2015\/","title":{"rendered":"ADUFPB realiza dia 5 de fevereiro primeira assembleia geral de 2015"},"content":{"rendered":"<p dir=\"ltr\">A primeira assembleia de 2015 dos professores da UFPB ser\u00e1 realizada na quinta-feira seguinte ao rein\u00edcio das aulas do per\u00edodo 2014.2. A atividade acontecer\u00e1 no dia 5 de fevereiro, \u00e0s 9h, no Centro de Viv\u00eancia do campus I, em Jo\u00e3o Pessoa. Em pauta, informes e elei\u00e7\u00e3o para escolha dos delegados que ir\u00e3o representar a ADUFPB no 34\u00ba Congresso do Andes \u2013 Sindicato Nacional, a ser realizado de 23 a 28 de fevereiro.<\/p>\n<p dir=\"ltr\">A assembleia de Jo\u00e3o Pessoa re\u00fane tanto os docentes que trabalham no campus I (Cidade Universit\u00e1ria e Santa Rita), quanto os dos campi IV (Mamanguape e Rio Tinto) e V (Centro de Tecnologia e Desenvolvimento Regional, no bairro de Mangabeira, na capital). Os professores dos munic\u00edpios de Areia e Bananeiras &#8211; respectivamente campi II e III &#8211; realizar\u00e3o assembleia no dia 10 de fevereiro (ter\u00e7a-feira), com mesma pauta.<\/p>\n<p dir=\"ltr\"><strong>Sobre o Congresso<\/strong><\/p>\n<p dir=\"ltr\">O 34\u00ba Congresso do Andes-SN acontecer\u00e1 em Bras\u00edlia e ter\u00e1 como assunto central o tema \u201cManuten\u00e7\u00e3o e Amplia\u00e7\u00e3o dos direitos dos trabalhadores: avan\u00e7ar na organiza\u00e7\u00e3o dos docentes e enfrentar a mercantiliza\u00e7\u00e3o da educa\u00e7\u00e3o\u201d.<\/p>\n<p dir=\"ltr\">De acordo com o presidente do ANDES-SN, Paulo Rizzo, o congresso anual da entidade \u00e9 um momento importante para a reflex\u00e3o e o debate sobre a educa\u00e7\u00e3o, al\u00e9m de ser um espa\u00e7o para ampliar e unir for\u00e7as para os embates que ocorrer\u00e3o no decorrer do ano. \u201cEm 2015 teremos uma nova conjuntura pol\u00edtica do pa\u00eds, que est\u00e1 sem crescimento econ\u00f4mico. Ser\u00e1, necessariamente, um ano de muitas lutas, e o objeto do congresso \u00e9 preparar os docentes para esses enfrentamentos\u201d, afirmou.<\/p>\n<p dir=\"ltr\">Para Rizzo, \u00e9 preciso ter uma prepara\u00e7\u00e3o intensa na base, pois com as expans\u00f5es das universidades e institutos, os docentes passaram a ter novos desafios. \u201cPrecisamos garantir ampla participa\u00e7\u00e3o dos professores e das Se\u00e7\u00f5es Sindicais no congresso\u201d.<\/p>\n<p><strong>AGENDE-SE<\/strong><\/p>\n<p dir=\"ltr\">Assembleia dos professores<br \/>\nData: 5\/2\/2015, quinta-feira<br \/>\nHor\u00e1rio: 9h<br \/>\nLocal: Centro de Viv\u00eancia do campus I, em Jo\u00e3o Pessoa<\/p>\n<p dir=\"ltr\"><a href=\"http:\/\/www.adufpb.org.br\/site\/boletim-adufpb-no-116\/\">Confira\u00a0Boletim ADUFPB &#8211; Edi\u00e7\u00e3o 116\u00a0<\/a><\/p>\n<p><em>Fonte: Ascom ADUFPB<\/em><\/p>\n","protected":false},"excerpt":{"rendered":"<p>A primeira assembleia de 2015 dos professores da UFPB ser\u00e1 realizada na quinta-feira seguinte ao rein\u00edcio das aulas do per\u00edodo 2014.2. A atividade acontecer\u00e1 no dia 5 de fevereiro, \u00e0s 9h, no Centro de Viv\u00eancia do campus I, em Jo\u00e3o Pessoa. Em pauta, informes e elei\u00e7\u00e3o para escolha dos delegados que ir\u00e3o representar a ADUFPB&hellip;<\/p>\n","protected":false},"author":3,"featured_media":0,"comment_status":"closed","ping_status":"closed","sticky":false,"template":"","format":"standard","meta":{"footnotes":""},"categories":[15,417],"tags":[816,95],"class_list":["post-10319","post","type-post","status-publish","format-standard","hentry","category-noticias","category-noticias-destaque","tag-assembleia","tag-assembleias","category-15","category-417","description-off"],"_links":{"self":[{"href":"https:\/\/www.adufpb.org.br\/site\/wp-json\/wp\/v2\/posts\/10319","targetHints":{"allow":["GET"]}}],"collection":[{"href":"https:\/\/www.adufpb.org.br\/site\/wp-json\/wp\/v2\/posts"}],"about":[{"href":"https:\/\/www.adufpb.org.br\/site\/wp-json\/wp\/v2\/types\/post"}],"author":[{"embeddable":true,"href":"https:\/\/www.adufpb.org.br\/site\/wp-json\/wp\/v2\/users\/3"}],"replies":[{"embeddable":true,"href":"https:\/\/www.adufpb.org.br\/site\/wp-json\/wp\/v2\/comments?post=10319"}],"version-history":[{"count":3,"href":"https:\/\/www.adufpb.org.br\/site\/wp-json\/wp\/v2\/posts\/10319\/revisions"}],"predecessor-version":[{"id":10389,"href":"https:\/\/www.adufpb.org.br\/site\/wp-json\/wp\/v2\/posts\/10319\/revisions\/10389"}],"wp:attachment":[{"href":"https:\/\/www.adufpb.org.br\/site\/wp-json\/wp\/v2\/media?parent=10319"}],"wp:term":[{"taxonomy":"category","embeddable":true,"href":"https:\/\/www.adufpb.org.br\/site\/wp-json\/wp\/v2\/categories?post=10319"},{"taxonomy":"post_tag","embeddable":true,"href":"https:\/\/www.adufpb.org.br\/site\/wp-json\/wp\/v2\/tags?post=10319"}],"curies":[{"name":"wp","href":"https:\/\/api.w.org\/{rel}","templated":true}]}}