{"id":10283,"date":"2015-01-07T10:37:38","date_gmt":"2015-01-07T14:37:38","guid":{"rendered":"http:\/\/www.adufpb.org.br\/site\/?p=10283"},"modified":"2015-01-07T10:37:38","modified_gmt":"2015-01-07T14:37:38","slug":"34o-congresso-do-andes-sn-acontece-em-fevereiro","status":"publish","type":"post","link":"https:\/\/www.adufpb.org.br\/site\/34o-congresso-do-andes-sn-acontece-em-fevereiro\/","title":{"rendered":"34\u00ba Congresso do ANDES-SN acontece em fevereiro"},"content":{"rendered":"<p><em>Docentes se re\u00fanem entre 23 a 28 de fevereiro para deliberar sobre o Plano de Lutas para 2015<\/em><\/p>\n<p>O 34\u00b0 Congresso do ANDES-SN ser\u00e1 realizado entre os dias 23 a 28 de fevereiro de 2015 na cidade de Bras\u00edlia (DF) e ter\u00e1 como o tema central a \u201cManuten\u00e7\u00e3o e Amplia\u00e7\u00e3o dos direitos dos trabalhadores: avan\u00e7ar na organiza\u00e7\u00e3o dos docentes e enfrentar a mercantiliza\u00e7\u00e3o da educa\u00e7\u00e3o\u201d.<\/p>\n<p>De acordo com o presidente do ANDES-SN, Paulo Rizzo, o congresso anual da entidade \u00e9 um momento importante para a reflex\u00e3o e o debate sobre a educa\u00e7\u00e3o, al\u00e9m de ser um espa\u00e7o para ampliar e unir for\u00e7as para os embates que ocorrer\u00e3o no decorrer do ano. &#8220;Em 2015 teremos uma nova conjuntura pol\u00edtica do pa\u00eds, que est\u00e1 sem crescimento econ\u00f4mico. Ser\u00e1, necessariamente, um ano de muitas lutas, e o objeto do congresso \u00e9 preparar os docentes para esses enfrentamentos&#8221;, afirmou.<\/p>\n<p>Para Rizzo, \u00e9 preciso ter uma prepara\u00e7\u00e3o intensa na base, pois com as expans\u00f5es das universidades e institutos, os docentes passaram a ter novos desafios. \u201cPrecisamos garantir ampla participa\u00e7\u00e3o dos professores e das Se\u00e7\u00f5es Sindicais no congresso\u201d.<\/p>\n<p><strong>Inscri\u00e7\u00e3o<\/strong><\/p>\n<p>Para a inscri\u00e7\u00e3o pr\u00e9via do evento, os delegados e observadores poder\u00e3o enviar at\u00e9 o dia 6 de fevereiro de 2015 a documenta\u00e7\u00e3o regimental para secretaria do ANDES-SN, conforme a Circular n\u00ba 207\/14 (<a href=\"http:\/\/portal.andes.org.br\/imprensa\/noticias\/imp-ult-438689595.pdf\">confira<\/a>). O credenciamento tamb\u00e9m poder\u00e1 ser feito no dia 23 de fevereiro de 2015, das 9h \u00e0s 12h e das 14h \u00e0s 20h.<\/p>\n<p>Pelo menos um representante de cada Se\u00e7\u00e3o Sindical ou Secretaria Regional, credenciada previamente, dever\u00e1 comparecer \u00e0 Secretaria do 34\u00ba Congresso, no dia 23 para confirmar, ou n\u00e3o, a presen\u00e7a dos delegados e observadores. Esta confirma\u00e7\u00e3o \u00e9 essencial para que o credenciamento se efetive.<\/p>\n<p><strong>Caderno de Textos<\/strong><\/p>\n<p>Quem perdeu o prazo para o envio das contribui\u00e7\u00f5es para o Caderno de Textos (Circular n\u00b0 239\/14), encerrado no dia 18 de novembro de 2014, tem at\u00e9 o dia 2 de fevereiro para enviar o material, que ser\u00e1 incorporado ao anexo do Caderno de Textos e ser\u00e1 publicado no dia 9 de fevereiro de 2015. O material estar\u00e1 dispon\u00edvel aos participantes do 34\u00ba Congresso no local do evento e aos demais sindicalizados na p\u00e1gina do Sindicato Nacional &#8211; <a href=\"http:\/\/portal.andes.org.br\/imprensa\/noticias\/imp-ult-1102150320.pdf\">leia aqui<\/a>.<\/p>\n<p><strong>Servi\u00e7o<\/strong><\/p>\n<p>34\u00ba Congresso do ANDES-SN<\/p>\n<p>Tema: Manuten\u00e7\u00e3o e Amplia\u00e7\u00e3o dos direitos dos trabalhadores: avan\u00e7ar na organiza\u00e7\u00e3o dos docentes e enfrentar a mercantiliza\u00e7\u00e3o da educa\u00e7\u00e3o<\/p>\n<p>Data: 23 a 28 de fevereiro de 2015<\/p>\n<p>Local: ParlaMundi da Legi\u00e3o da Boa Vontade (LBV)<\/p>\n<p>Endere\u00e7o: SGAS 915 Sul, Lote 714, Asa Sul, Bras\u00edlia \u2013 DF<\/p>\n<p><em>Fonte: ANDES-SN<\/em><\/p>\n","protected":false},"excerpt":{"rendered":"<p>Docentes se re\u00fanem entre 23 a 28 de fevereiro para deliberar sobre o Plano de Lutas para 2015 O 34\u00b0 Congresso do ANDES-SN ser\u00e1 realizado entre os dias 23 a 28 de fevereiro de 2015 na cidade de Bras\u00edlia (DF) e ter\u00e1 como o tema central a \u201cManuten\u00e7\u00e3o e Amplia\u00e7\u00e3o dos direitos dos trabalhadores: avan\u00e7ar&hellip;<\/p>\n","protected":false},"author":3,"featured_media":0,"comment_status":"closed","ping_status":"closed","sticky":false,"template":"","format":"standard","meta":{"footnotes":""},"categories":[15],"tags":[495,269,313],"class_list":["post-10283","post","type-post","status-publish","format-standard","hentry","category-noticias","tag-34o-congresso-do-andes","tag-congresso-do-andes","tag-plano-de-lutas","category-15","description-off"],"_links":{"self":[{"href":"https:\/\/www.adufpb.org.br\/site\/wp-json\/wp\/v2\/posts\/10283","targetHints":{"allow":["GET"]}}],"collection":[{"href":"https:\/\/www.adufpb.org.br\/site\/wp-json\/wp\/v2\/posts"}],"about":[{"href":"https:\/\/www.adufpb.org.br\/site\/wp-json\/wp\/v2\/types\/post"}],"author":[{"embeddable":true,"href":"https:\/\/www.adufpb.org.br\/site\/wp-json\/wp\/v2\/users\/3"}],"replies":[{"embeddable":true,"href":"https:\/\/www.adufpb.org.br\/site\/wp-json\/wp\/v2\/comments?post=10283"}],"version-history":[{"count":2,"href":"https:\/\/www.adufpb.org.br\/site\/wp-json\/wp\/v2\/posts\/10283\/revisions"}],"predecessor-version":[{"id":10285,"href":"https:\/\/www.adufpb.org.br\/site\/wp-json\/wp\/v2\/posts\/10283\/revisions\/10285"}],"wp:attachment":[{"href":"https:\/\/www.adufpb.org.br\/site\/wp-json\/wp\/v2\/media?parent=10283"}],"wp:term":[{"taxonomy":"category","embeddable":true,"href":"https:\/\/www.adufpb.org.br\/site\/wp-json\/wp\/v2\/categories?post=10283"},{"taxonomy":"post_tag","embeddable":true,"href":"https:\/\/www.adufpb.org.br\/site\/wp-json\/wp\/v2\/tags?post=10283"}],"curies":[{"name":"wp","href":"https:\/\/api.w.org\/{rel}","templated":true}]}}