{"id":10249,"date":"2014-12-17T10:55:21","date_gmt":"2014-12-17T14:55:21","guid":{"rendered":"http:\/\/www.adufpb.org.br\/site\/?p=10249"},"modified":"2014-12-19T11:17:56","modified_gmt":"2014-12-19T15:17:56","slug":"tudo-pronto-para-a-festa-de-confraternizacao-da-adufpb","status":"publish","type":"post","link":"https:\/\/www.adufpb.org.br\/site\/tudo-pronto-para-a-festa-de-confraternizacao-da-adufpb\/","title":{"rendered":"Tudo pronto para a festa de confraterniza\u00e7\u00e3o da ADUFPB"},"content":{"rendered":"<p>Est\u00e1 tudo pronto para a festa de confraterniza\u00e7\u00e3o da ADUFPB, que acontece nesta quinta-feira, 18\/12. O evento, j\u00e1 bastante tradicional e aguardado no calend\u00e1rio de atividades de sindicato, ser\u00e1 realizado a partir das 22h no Pa\u00e7o dos Le\u00f5es, uma das maiores casas de recep\u00e7\u00f5es de Jo\u00e3o Pessoa, localizada na avenida Jo\u00e3o Cirilo Silva, bairro do Altiplano.<\/p>\n<p>A anima\u00e7\u00e3o da festa ficar\u00e1 por conta da Orquestra Mistura Fina. O grupo possui mais de 20 anos no mercado de eventos \u00e9 um dos mais conhecidos do Estado. Tem a peculiaridade de fazer a festa de acordo com o gosto do cliente, que escolhe, a partir do imenso repert\u00f3rio, sucessos desde os orquestrados at\u00e9 ax\u00e9 e forr\u00f3.<\/p>\n<p>Na festa haver\u00e1 tamb\u00e9m um tel\u00e3o, no qual ser\u00e3o exibidas fotos das diversas atividades e a\u00e7\u00f5es promovidas pela ADUFPB ao longo do ano de 2014. Al\u00e9m disso, ser\u00e1 servido jantar e bebidas.<\/p>\n<p>Ao chegar \u00e0 casa de recep\u00e7\u00f5es, o docente dever\u00e1 informar o nome, que ser\u00e1 conferido na lista de convidados.<\/p>\n<div><span style=\"font-size: 14px;\">Como nos outros anos, a festa de confraterniza\u00e7\u00e3o da ADUFPB conta com o apoio da cooperativa de cr\u00e9dito Creduni, que vem atuando em parceria com o Sindicato dos Professores em diversos projetos, como a Revista Conceitos, a Agenda ADUFPB e o jornal ADUFInforma.<\/span><\/div>\n<div><\/div>\n<div><span style=\"font-size: 14px;\">A comiss\u00e3o organizadora do evento \u00e9 formada pelos professores Carlos Cartaxo, Marcelo Sitcovsky, Marta Diniz, Gra\u00e7a Toscano, Clodoaldo Silveira e Terezinha Diniz.<\/span><\/div>\n<div><\/div>\n<div><em>Fonte: Ascom ADUFPB<\/em><\/div>\n","protected":false},"excerpt":{"rendered":"<p>Est\u00e1 tudo pronto para a festa de confraterniza\u00e7\u00e3o da ADUFPB, que acontece nesta quinta-feira, 18\/12. O evento, j\u00e1 bastante tradicional e aguardado no calend\u00e1rio de atividades de sindicato, ser\u00e1 realizado a partir das 22h no Pa\u00e7o dos Le\u00f5es, uma das maiores casas de recep\u00e7\u00f5es de Jo\u00e3o Pessoa, localizada na avenida Jo\u00e3o Cirilo Silva, bairro do&hellip;<\/p>\n","protected":false},"author":3,"featured_media":10251,"comment_status":"closed","ping_status":"closed","sticky":false,"template":"","format":"standard","meta":{"footnotes":""},"categories":[15,417],"tags":[98,57,496],"class_list":["post-10249","post","type-post","status-publish","format-standard","has-post-thumbnail","hentry","category-noticias","category-noticias-destaque","tag-confraternizacao","tag-eventos","tag-festa","category-15","category-417","description-off"],"_links":{"self":[{"href":"https:\/\/www.adufpb.org.br\/site\/wp-json\/wp\/v2\/posts\/10249","targetHints":{"allow":["GET"]}}],"collection":[{"href":"https:\/\/www.adufpb.org.br\/site\/wp-json\/wp\/v2\/posts"}],"about":[{"href":"https:\/\/www.adufpb.org.br\/site\/wp-json\/wp\/v2\/types\/post"}],"author":[{"embeddable":true,"href":"https:\/\/www.adufpb.org.br\/site\/wp-json\/wp\/v2\/users\/3"}],"replies":[{"embeddable":true,"href":"https:\/\/www.adufpb.org.br\/site\/wp-json\/wp\/v2\/comments?post=10249"}],"version-history":[{"count":2,"href":"https:\/\/www.adufpb.org.br\/site\/wp-json\/wp\/v2\/posts\/10249\/revisions"}],"predecessor-version":[{"id":10257,"href":"https:\/\/www.adufpb.org.br\/site\/wp-json\/wp\/v2\/posts\/10249\/revisions\/10257"}],"wp:featuredmedia":[{"embeddable":true,"href":"https:\/\/www.adufpb.org.br\/site\/wp-json\/wp\/v2\/media\/10251"}],"wp:attachment":[{"href":"https:\/\/www.adufpb.org.br\/site\/wp-json\/wp\/v2\/media?parent=10249"}],"wp:term":[{"taxonomy":"category","embeddable":true,"href":"https:\/\/www.adufpb.org.br\/site\/wp-json\/wp\/v2\/categories?post=10249"},{"taxonomy":"post_tag","embeddable":true,"href":"https:\/\/www.adufpb.org.br\/site\/wp-json\/wp\/v2\/tags?post=10249"}],"curies":[{"name":"wp","href":"https:\/\/api.w.org\/{rel}","templated":true}]}}