{"id":10201,"date":"2014-12-01T14:13:10","date_gmt":"2014-12-01T18:13:10","guid":{"rendered":"http:\/\/www.adufpb.org.br\/site\/?p=10201"},"modified":"2014-12-01T14:13:10","modified_gmt":"2014-12-01T18:13:10","slug":"nota-de-pesar-47","status":"publish","type":"post","link":"https:\/\/www.adufpb.org.br\/site\/nota-de-pesar-47\/","title":{"rendered":"NOTA DE PESAR"},"content":{"rendered":"<p style=\"text-align: center;\"><a href=\"http:\/\/www.adufpb.org.br\/site\/wp-content\/uploads\/2014\/12\/professor-jorge-hebert-echude-silva.jpg\"><img loading=\"lazy\" decoding=\"async\" class=\"aligncenter size-medium wp-image-10203\" alt=\"professor jorge hebert echude silva\" src=\"http:\/\/www.adufpb.org.br\/site\/wp-content\/uploads\/2014\/12\/professor-jorge-hebert-echude-silva-227x300.jpg\" width=\"227\" height=\"300\" srcset=\"https:\/\/www.adufpb.org.br\/site\/wp-content\/uploads\/2014\/12\/professor-jorge-hebert-echude-silva-227x300.jpg 227w, https:\/\/www.adufpb.org.br\/site\/wp-content\/uploads\/2014\/12\/professor-jorge-hebert-echude-silva.jpg 278w\" sizes=\"auto, (max-width: 227px) 100vw, 227px\" \/><\/a><\/p>\n<p><span style=\"font-size: large;\">A <strong>ADUFPB<\/strong> vem a p\u00fablico manifestar o seu profundo pesar pelo falecimento de <strong>JORGE HEBERT ECHUDE SILVA,<\/strong> ocorrido no dia 28\/11\/2014, professor aposentado do Departamento de Engenharia Mec\u00e2nica, do Centro de Tecnologia, da Universidade Federal da Para\u00edba e sindicalizado da ADUFPB desde 1979.<\/span><\/p>\n<p><span style=\"font-size: large;\">Aos membros da fam\u00edlia e amigos, nossos sentimentos.<\/span><\/p>\n<p><span style=\"font-size: large;\">\u00a0<\/span><\/p>\n<p style=\"text-align: center;\"><strong><span style=\"font-size: large;\">Diretoria Executiva<\/span><\/strong><\/p>\n","protected":false},"excerpt":{"rendered":"<p>A ADUFPB vem a p\u00fablico manifestar o seu profundo pesar pelo falecimento de JORGE HEBERT ECHUDE SILVA, ocorrido no dia 28\/11\/2014, professor aposentado do Departamento de Engenharia Mec\u00e2nica, do Centro de Tecnologia, da Universidade Federal da Para\u00edba e sindicalizado da ADUFPB desde 1979. Aos membros da fam\u00edlia e amigos, nossos sentimentos. \u00a0 Diretoria Executiva<\/p>\n","protected":false},"author":3,"featured_media":0,"comment_status":"closed","ping_status":"closed","sticky":false,"template":"","format":"standard","meta":{"footnotes":""},"categories":[15],"tags":[],"class_list":["post-10201","post","type-post","status-publish","format-standard","hentry","category-noticias","category-15","description-off"],"_links":{"self":[{"href":"https:\/\/www.adufpb.org.br\/site\/wp-json\/wp\/v2\/posts\/10201","targetHints":{"allow":["GET"]}}],"collection":[{"href":"https:\/\/www.adufpb.org.br\/site\/wp-json\/wp\/v2\/posts"}],"about":[{"href":"https:\/\/www.adufpb.org.br\/site\/wp-json\/wp\/v2\/types\/post"}],"author":[{"embeddable":true,"href":"https:\/\/www.adufpb.org.br\/site\/wp-json\/wp\/v2\/users\/3"}],"replies":[{"embeddable":true,"href":"https:\/\/www.adufpb.org.br\/site\/wp-json\/wp\/v2\/comments?post=10201"}],"version-history":[{"count":2,"href":"https:\/\/www.adufpb.org.br\/site\/wp-json\/wp\/v2\/posts\/10201\/revisions"}],"predecessor-version":[{"id":10204,"href":"https:\/\/www.adufpb.org.br\/site\/wp-json\/wp\/v2\/posts\/10201\/revisions\/10204"}],"wp:attachment":[{"href":"https:\/\/www.adufpb.org.br\/site\/wp-json\/wp\/v2\/media?parent=10201"}],"wp:term":[{"taxonomy":"category","embeddable":true,"href":"https:\/\/www.adufpb.org.br\/site\/wp-json\/wp\/v2\/categories?post=10201"},{"taxonomy":"post_tag","embeddable":true,"href":"https:\/\/www.adufpb.org.br\/site\/wp-json\/wp\/v2\/tags?post=10201"}],"curies":[{"name":"wp","href":"https:\/\/api.w.org\/{rel}","templated":true}]}}