{"id":10173,"date":"2014-11-25T15:14:36","date_gmt":"2014-11-25T19:14:36","guid":{"rendered":"http:\/\/www.adufpb.org.br\/site\/?p=10173"},"modified":"2014-11-28T11:01:19","modified_gmt":"2014-11-28T15:01:19","slug":"nota-de-solidariedade","status":"publish","type":"post","link":"https:\/\/www.adufpb.org.br\/site\/nota-de-solidariedade\/","title":{"rendered":"NOTA DE SOLIDARIEDADE"},"content":{"rendered":"<p style=\"text-align: left;\" align=\"center\">Entre os dias 26 e 27 de setembro, na cidade de Iguala, Estado Guerrero, no M\u00e9xico, foram assassinadas seis pessoas &#8211; entre elas, tr\u00eas normalistas -, feridos 25 normalistas &#8211; dois deles permanecem em estado grave &#8211; e sequestrados 43. Os jovens s\u00e3o estudantes da escola normal Ra\u00fal Isidroburgos, da cidade de Ayotzinapa, uma escola que atende aos filhos dos camponeses mais pobres do pa\u00eds.<\/p>\n<p>Diante dos fatos ocorridos, a ADUFPB vem manifestar total e ampla solidariedade aos estudantes e professores do M\u00e9xico, ante os atos cru\u00e9is que culminaram com o desaparecimento de 43 estudantes e a consequente inoper\u00e2ncia do governo mexicano em identificar e punir os culpados.<\/p>\n<p><b>Pela liberdade de express\u00e3o, pelo direito de manifesta\u00e7\u00e3o por melhores condi\u00e7\u00f5es de educa\u00e7\u00e3o e vida, a nossa solidariedade.<\/b><\/p>\n<p><b>\u00a0<\/b><\/p>\n<p align=\"right\"><b>Jo\u00e3o Pessoa, 25 de novembro de 2014<\/b><\/p>\n<p align=\"right\"><b>Diretoria Executiva<\/b><\/p>\n<p align=\"right\"><b>ADUFPB<\/b><\/p>\n","protected":false},"excerpt":{"rendered":"<p>Entre os dias 26 e 27 de setembro, na cidade de Iguala, Estado Guerrero, no M\u00e9xico, foram assassinadas seis pessoas &#8211; entre elas, tr\u00eas normalistas -, feridos 25 normalistas &#8211; dois deles permanecem em estado grave &#8211; e sequestrados 43. Os jovens s\u00e3o estudantes da escola normal Ra\u00fal Isidroburgos, da cidade de Ayotzinapa, uma escola&hellip;<\/p>\n","protected":false},"author":3,"featured_media":0,"comment_status":"closed","ping_status":"closed","sticky":false,"template":"","format":"standard","meta":{"footnotes":""},"categories":[15,417],"tags":[],"class_list":["post-10173","post","type-post","status-publish","format-standard","hentry","category-noticias","category-noticias-destaque","category-15","category-417","description-off"],"_links":{"self":[{"href":"https:\/\/www.adufpb.org.br\/site\/wp-json\/wp\/v2\/posts\/10173","targetHints":{"allow":["GET"]}}],"collection":[{"href":"https:\/\/www.adufpb.org.br\/site\/wp-json\/wp\/v2\/posts"}],"about":[{"href":"https:\/\/www.adufpb.org.br\/site\/wp-json\/wp\/v2\/types\/post"}],"author":[{"embeddable":true,"href":"https:\/\/www.adufpb.org.br\/site\/wp-json\/wp\/v2\/users\/3"}],"replies":[{"embeddable":true,"href":"https:\/\/www.adufpb.org.br\/site\/wp-json\/wp\/v2\/comments?post=10173"}],"version-history":[{"count":3,"href":"https:\/\/www.adufpb.org.br\/site\/wp-json\/wp\/v2\/posts\/10173\/revisions"}],"predecessor-version":[{"id":10176,"href":"https:\/\/www.adufpb.org.br\/site\/wp-json\/wp\/v2\/posts\/10173\/revisions\/10176"}],"wp:attachment":[{"href":"https:\/\/www.adufpb.org.br\/site\/wp-json\/wp\/v2\/media?parent=10173"}],"wp:term":[{"taxonomy":"category","embeddable":true,"href":"https:\/\/www.adufpb.org.br\/site\/wp-json\/wp\/v2\/categories?post=10173"},{"taxonomy":"post_tag","embeddable":true,"href":"https:\/\/www.adufpb.org.br\/site\/wp-json\/wp\/v2\/tags?post=10173"}],"curies":[{"name":"wp","href":"https:\/\/api.w.org\/{rel}","templated":true}]}}