{"id":10121,"date":"2014-11-06T09:15:14","date_gmt":"2014-11-06T13:15:14","guid":{"rendered":"http:\/\/www.adufpb.org.br\/site\/?p=10121"},"modified":"2014-11-06T09:24:34","modified_gmt":"2014-11-06T13:24:34","slug":"entidades-mobilizam-se-para-cobrar-plebiscito-constituinte","status":"publish","type":"post","link":"https:\/\/www.adufpb.org.br\/site\/entidades-mobilizam-se-para-cobrar-plebiscito-constituinte\/","title":{"rendered":"Entidades mobilizam-se para cobrar plebiscito constituinte"},"content":{"rendered":"<p dir=\"ltr\">V\u00e1rias entidades participam nesta quinta-feira (6\/11), na sede do Sindicato dos Trabalhadores da Constru\u00e7\u00e3o Civil (Sintricon), em Jo\u00e3o Pessoa, de uma reuni\u00e3o preparat\u00f3ria para as atividades da pr\u00f3xima semana do comit\u00ea paraibano em favor do plebiscito constituinte no pa\u00eds. Elas v\u00e3o definir as a\u00e7\u00f5es para a realiza\u00e7\u00e3o das plen\u00e1rias regionais no Estado, que est\u00e3o previstas para acontecer no dia 15 de novembro em Jo\u00e3o Pessoa, Campina Grande, Guarabira e Patos.<\/p>\n<p dir=\"ltr\">Na \u00faltima ter\u00e7a-feira, o comit\u00ea promoveu na capital paraibana uma reuni\u00e3o com a participa\u00e7\u00e3o de aproximadamente 30 entidades. Em seguida, foi realizado um ato p\u00fablico no Centro da cidade, partindo da sede do Sintep (Sindicato dos Trabalhadores e Trabalhadoras em Educa\u00e7\u00e3o) at\u00e9 o Ponto de Cem Reis.<\/p>\n<p dir=\"ltr\">A reuni\u00e3o serviu para fazer um balan\u00e7o do processo eleitoral de 2014 e apresentar informes sobre a entrega, aos tr\u00eas poderes da Rep\u00fablica, do plebiscito popular realizado no pa\u00eds entre 1\u00ba e 7 de setembro.<\/p>\n<p dir=\"ltr\">Foi perguntado \u00e0 popula\u00e7\u00e3o se ela era favor\u00e1vel a uma assembleia constituinte exclusiva e soberana para reforma do sistema pol\u00edtico nacional. Dos 7,7 milh\u00f5es de votos recolhidos em todo o pa\u00eds, 97% disseram \u201cSim\u201d \u00e0 proposta. Esse resultado foi apresentado ao Executivo, ao Legislativo e ao Judici\u00e1rio Federal nos dias 13 e 14 de outubro para demonstrar que a sociedade est\u00e1 mobilizada e exige que o tema entre em pauta.<\/p>\n<p dir=\"ltr\">As entidades pedem a realiza\u00e7\u00e3o de um plebiscito oficial com a mesma quest\u00e3o: \u201cVoc\u00ea \u00e9 a favor de uma Constituinte Exclusiva e Soberana do Sistema Pol\u00edtico?\u201d. Isso pode acontecer se for aprovado um projeto de decreto legislativo protocolado no dia 30 de outubro na C\u00e2mara dos Deputados. A proposta \u00e9 encabe\u00e7ada por Luiza Erudina (PSB) e Renato Sim\u00f5es (PT), e tem uma lista de apoio com a assinatura de 185 deputados de v\u00e1rios partidos. Ela convoca a assembleia constituinte exclusiva e prev\u00ea a consulta \u00e0 popula\u00e7\u00e3o nos moldes exigidos pelas entidades.<\/p>\n<p dir=\"ltr\">De acordo com o professor Fernando Cunha, diretor de Pol\u00edtica Educacional da ADUFPB e membro do comit\u00ea do plebiscito popular na Para\u00edba, a presidenta Dilma Rousseff se comprometeu a \u00a0realizar a consulta \u00e0 popula\u00e7\u00e3o. \u201cEla externou essa inten\u00e7\u00e3o na entrevista que concedeu depois vit\u00f3ria. E atrelou o plebiscito a uma constituinte exclusiva, o que \u00e9 um salto extremamente positivo\u201d, avaliou.<\/p>\n<p dir=\"ltr\">Isso porque, segundo ele, existem grupos pol\u00edticos que falam na realiza\u00e7\u00e3o de um referendo. Por essa proposta, a reforma pol\u00edtica seria realizada pelo Congresso e somente depois a popula\u00e7\u00e3o seria consultada, por meio de um referendo, e poderia externar se aprova ou n\u00e3o o texto elaborado.<\/p>\n<p>Mas as entidades sindicais e de movimentos sociais exigem a forma\u00e7\u00e3o de uma assembleia constituinte exclusiva. \u201cA campanha est\u00e1 aberta em todo o pa\u00eds. Na pr\u00f3xima semana, entre os dias 9 a 15 de novembro, v\u00e3o acontecer v\u00e1rias a\u00e7\u00f5es para mobilizar a popula\u00e7\u00e3o. No dia 13, completa um ano da forma\u00e7\u00e3o do comit\u00ea no pa\u00eds. E, no dia da posse da presidenta Dilma Rousseff, em Bras\u00edlia, as entidades estar\u00e3o presentes em um grande ato p\u00fablico, com bandeiras pedindo a realiza\u00e7\u00e3o da consulta popular\u201d, explica Fernando Cunha.<\/p>\n<p><em>Fonte: Ascom ADUFPB<\/em><\/p>\n","protected":false},"excerpt":{"rendered":"<p>V\u00e1rias entidades participam nesta quinta-feira (6\/11), na sede do Sindicato dos Trabalhadores da Constru\u00e7\u00e3o Civil (Sintricon), em Jo\u00e3o Pessoa, de uma reuni\u00e3o preparat\u00f3ria para as atividades da pr\u00f3xima semana do comit\u00ea paraibano em favor do plebiscito constituinte no pa\u00eds. Elas v\u00e3o definir as a\u00e7\u00f5es para a realiza\u00e7\u00e3o das plen\u00e1rias regionais no Estado, que est\u00e3o previstas&hellip;<\/p>\n","protected":false},"author":3,"featured_media":0,"comment_status":"closed","ping_status":"closed","sticky":false,"template":"","format":"standard","meta":{"footnotes":""},"categories":[15],"tags":[471,323,470],"class_list":["post-10121","post","type-post","status-publish","format-standard","hentry","category-noticias","tag-constituinte","tag-plebiscito","tag-reforma-politica","category-15","description-off"],"_links":{"self":[{"href":"https:\/\/www.adufpb.org.br\/site\/wp-json\/wp\/v2\/posts\/10121","targetHints":{"allow":["GET"]}}],"collection":[{"href":"https:\/\/www.adufpb.org.br\/site\/wp-json\/wp\/v2\/posts"}],"about":[{"href":"https:\/\/www.adufpb.org.br\/site\/wp-json\/wp\/v2\/types\/post"}],"author":[{"embeddable":true,"href":"https:\/\/www.adufpb.org.br\/site\/wp-json\/wp\/v2\/users\/3"}],"replies":[{"embeddable":true,"href":"https:\/\/www.adufpb.org.br\/site\/wp-json\/wp\/v2\/comments?post=10121"}],"version-history":[{"count":7,"href":"https:\/\/www.adufpb.org.br\/site\/wp-json\/wp\/v2\/posts\/10121\/revisions"}],"predecessor-version":[{"id":10123,"href":"https:\/\/www.adufpb.org.br\/site\/wp-json\/wp\/v2\/posts\/10121\/revisions\/10123"}],"wp:attachment":[{"href":"https:\/\/www.adufpb.org.br\/site\/wp-json\/wp\/v2\/media?parent=10121"}],"wp:term":[{"taxonomy":"category","embeddable":true,"href":"https:\/\/www.adufpb.org.br\/site\/wp-json\/wp\/v2\/categories?post=10121"},{"taxonomy":"post_tag","embeddable":true,"href":"https:\/\/www.adufpb.org.br\/site\/wp-json\/wp\/v2\/tags?post=10121"}],"curies":[{"name":"wp","href":"https:\/\/api.w.org\/{rel}","templated":true}]}}