{"id":10094,"date":"2014-11-03T09:40:56","date_gmt":"2014-11-03T13:40:56","guid":{"rendered":"http:\/\/www.adufpb.org.br\/site\/?p=10094"},"modified":"2014-11-05T18:11:51","modified_gmt":"2014-11-05T22:11:51","slug":"em-busca-de-ampliar-adesao-funpresp-assedia-professores","status":"publish","type":"post","link":"https:\/\/www.adufpb.org.br\/site\/em-busca-de-ampliar-adesao-funpresp-assedia-professores\/","title":{"rendered":"Em busca de ampliar ades\u00e3o, Funpresp assedia professores"},"content":{"rendered":"<p>A Funda\u00e7\u00e3o de Previd\u00eancia Complementar do Servidor P\u00fablico Federal, que administra o Funpresp-Exe &#8211; fundo de previd\u00eancia complementar privado criado pelo governo para os servidores p\u00fablicos federais, mudou suas t\u00e1ticas para tentar reverter a pequena ades\u00e3o entre docentes de Institui\u00e7\u00f5es Federais de Ensino (IFE). Depois de enviar cartilhas \u00e0s casas dos docentes, o Funpresp agora come\u00e7a a bombardear os professores com liga\u00e7\u00f5es, emails e visitas aos departamentos das IFE.<\/p>\n<p>Na Universidade Federal de Santa Maria (UFSM), a Se\u00e7\u00e3o Sindical dos Docentes da UFSM (Sedufsm \u2013 Se\u00e7\u00e3o Sindical do ANDES-SN) tem recebido reclama\u00e7\u00f5es de que funcion\u00e1rios do Funpresp tem ligado para a casa dos professores com o objetivo de agendar reuni\u00f5es nas quais se discutiria a ades\u00e3o ao Fundo. \u201cEles t\u00eam todos os dados pessoais e de remunera\u00e7\u00e3o desses docentes, o que chama muito a aten\u00e7\u00e3o. Alguns professores chegaram a achar que poderia ser um golpe, mas quando foram perguntar \u00e0 Pr\u00f3-Reitoria de Recursos Humanos (PRRH), foram informados de que \u00e9 o Funpresp mesmo que est\u00e1 fazendo essas liga\u00e7\u00f5es\u201d, conta Adriano Figueir\u00f3, presidente da Sedufsm.<\/p>\n<p>Segundo Figueir\u00f3, a Sedufsm ir\u00e1 cobrar a PRRH por conta da divulga\u00e7\u00e3o as informa\u00e7\u00f5es pessoais dos professores para o fundo privado. \u201cA Sedufsm vai marcar uma reuni\u00e3o com a Pr\u00f3-Reitoria para exigir esclarecimentos sobre isso, e pedir que se resguarde os dados dos docentes. Essa n\u00e3o \u00e9 a forma adequada de se fazer isso, existem meios de comunica\u00e7\u00e3o oficiais da universidade\u201d, ressalta o professor.<\/p>\n<p>J\u00e1 na Universidade Federal de Sergipe (UFS), o Funpresp est\u00e1 enviando e-mails aos docentes, quase que diariamente, buscando a ades\u00e3o deles ao fundo. \u201cEles convidam os professores para caf\u00e9s da manh\u00e3 na reitoria, e em todos os atos de posse h\u00e1 agora uma reuni\u00e3o com os gerenciadores do Funpresp\u201d, conta Jailton Costa, presidente da Associa\u00e7\u00e3o dos Docentes da UFS (Adufs \u2013 Se\u00e7\u00e3o Sindical do ANDES-SN).<\/p>\n<p>O presidente da Adufs tamb\u00e9m relata que a equipe do Funpresp est\u00e1 pressionando os docentes da UFS para que eles realizem a ades\u00e3o at\u00e9 o final do ano, caso contr\u00e1rio perderiam benef\u00edcios. \u201cSabemos que n\u00e3o \u00e9 assim nas outras universidades\u201d, ressalta Jailton. A Adufs tem realizado conversas com os docentes alertando-os sobre os problemas da ades\u00e3o ao Funpresp, e colocou cartazes e faixas sobre o fundo na universidade durante uma mobiliza\u00e7\u00e3o realizada no dia 15 de outubro.<\/p>\n<p>A Universidade Tecnol\u00f3gica Federal do Paran\u00e1 (UTFPR) \u00e9 outra institui\u00e7\u00e3o na qual o Funpresp pressiona os docentes pela ades\u00e3o. Ivo Queiroz, presidente da Se\u00e7\u00e3o Sindical dos Docentes da UTFPR (Sindutfpr \u2013 Se\u00e7\u00e3o Sindical do ANDES-SN), afirma que o Funpresp est\u00e1 acessando os dados dos professores por meio dos Recursos Humanos da universidade, identificando os novos docentes e os procurando nos campi e nos departamentos. A Sindutfpr divulgou uma nota alertando os professores da UTFPR sobre os problemas da ades\u00e3o ao fundo privado.<\/p>\n<p>Cl\u00e1udia March, secret\u00e1ria geral e encarregada de assuntos da aposentadoria do ANDES-SN, afirma que \u00e9 problem\u00e1tica a rela\u00e7\u00e3o entre as universidades e o fundo, pois as institui\u00e7\u00f5es est\u00e3o cedendo dados pessoais dos docentes ao Funpresp. Cl\u00e1udia ressalta a necessidade de retomar a campanha contr\u00e1ria \u00e0 ades\u00e3o para aqueles professores que n\u00e3o aderiram, explicitando os riscos inerentes ao mercado financeiro. &#8220;Seguimos lutando tamb\u00e9m pela revers\u00e3o da Reforma da Previd\u00eancia, e para explicitar nossas diverg\u00eancias em rela\u00e7\u00e3o a esse tema para o conjunto da categoria&#8221;, concluiu a docente.<\/p>\n<p><strong>Diga N\u00e3o ao Funpresp-Exe<\/strong><\/p>\n<p>A Campanha Diga N\u00e3o ao Funpresp-Exe foi um dos fatores que provocaram baixa ades\u00e3o dos docentes ao Regime de Previd\u00eancia Complementar a ponto de, em setembro do ano passado, representantes dos Minist\u00e9rios da Previd\u00eancia, do Planejamento e da Educa\u00e7\u00e3o (MPAS, MPOG e MEC) procurarem o ANDES-SN para um di\u00e1logo. Dados da pr\u00f3pria Funpresp-Exe d\u00e3o conta de que desde a oficializa\u00e7\u00e3o do fundo de pens\u00e3o, no in\u00edcio de 2013, a carreira docente foi a que mais teve rec\u00e9m-ingressos no servi\u00e7o p\u00fablico federal, contudo, foi a que apresentou o menor percentual de ades\u00e3o, com m\u00e9dia de 7%. Na \u00e9poca da reuni\u00e3o com o governo, o secret\u00e1rio de Pol\u00edticas de Previd\u00eancia Complementar do Minist\u00e9rio da Previd\u00eancia, Jaime Faria Junior, disse que a leitura da cartilha induziu o servidor a n\u00e3o aderir ao Funpresp. Confira\u00a0<a href=\"http:\/\/www.andes.org.br\/andes\/print-principais-noticias.andes?id=78\" target=\"_blank\">aqui<\/a>\u00a0a cartilha.<\/p>\n<p>Saiba Mais:<\/p>\n<p><a href=\"http:\/\/www.andes.org.br\/andes\/print-ultimas-noticias.andes?id=6550\" target=\"_blank\"><strong>Esclarecimentos sobre o Funpresp resultam na baixa ades\u00e3o pelos servidores<\/strong><strong>\u00a0<\/strong><\/a><\/p>\n<p><a href=\"http:\/\/www.andes.org.br\/andes\/print-ultimas-noticias.andes?id=6467\" target=\"_blank\"><strong>Sindicato Nacional atende a pedidos e imprime nova edi\u00e7\u00e3o da Cartilha Funpresp\u00a0<\/strong><\/a><\/p>\n<p><strong><a href=\"http:\/\/www.andes.org.br\/andes\/print-ultimas-noticias.andes?id=6940\" target=\"_blank\">ANDES-SN rejeita convite para participar de elei\u00e7\u00e3o do Funpresp-Exe<\/a>\u00a0<\/strong><\/p>\n<p><em>Fonte: ANDES-SN<\/em><\/p>\n","protected":false},"excerpt":{"rendered":"<p>A Funda\u00e7\u00e3o de Previd\u00eancia Complementar do Servidor P\u00fablico Federal, que administra o Funpresp-Exe &#8211; fundo de previd\u00eancia complementar privado criado pelo governo para os servidores p\u00fablicos federais, mudou suas t\u00e1ticas para tentar reverter a pequena ades\u00e3o entre docentes de Institui\u00e7\u00f5es Federais de Ensino (IFE). Depois de enviar cartilhas \u00e0s casas dos docentes, o Funpresp agora&hellip;<\/p>\n","protected":false},"author":3,"featured_media":0,"comment_status":"closed","ping_status":"closed","sticky":false,"template":"","format":"standard","meta":{"footnotes":""},"categories":[15,417],"tags":[],"class_list":["post-10094","post","type-post","status-publish","format-standard","hentry","category-noticias","category-noticias-destaque","category-15","category-417","description-off"],"_links":{"self":[{"href":"https:\/\/www.adufpb.org.br\/site\/wp-json\/wp\/v2\/posts\/10094","targetHints":{"allow":["GET"]}}],"collection":[{"href":"https:\/\/www.adufpb.org.br\/site\/wp-json\/wp\/v2\/posts"}],"about":[{"href":"https:\/\/www.adufpb.org.br\/site\/wp-json\/wp\/v2\/types\/post"}],"author":[{"embeddable":true,"href":"https:\/\/www.adufpb.org.br\/site\/wp-json\/wp\/v2\/users\/3"}],"replies":[{"embeddable":true,"href":"https:\/\/www.adufpb.org.br\/site\/wp-json\/wp\/v2\/comments?post=10094"}],"version-history":[{"count":1,"href":"https:\/\/www.adufpb.org.br\/site\/wp-json\/wp\/v2\/posts\/10094\/revisions"}],"predecessor-version":[{"id":10095,"href":"https:\/\/www.adufpb.org.br\/site\/wp-json\/wp\/v2\/posts\/10094\/revisions\/10095"}],"wp:attachment":[{"href":"https:\/\/www.adufpb.org.br\/site\/wp-json\/wp\/v2\/media?parent=10094"}],"wp:term":[{"taxonomy":"category","embeddable":true,"href":"https:\/\/www.adufpb.org.br\/site\/wp-json\/wp\/v2\/categories?post=10094"},{"taxonomy":"post_tag","embeddable":true,"href":"https:\/\/www.adufpb.org.br\/site\/wp-json\/wp\/v2\/tags?post=10094"}],"curies":[{"name":"wp","href":"https:\/\/api.w.org\/{rel}","templated":true}]}}