{"id":10088,"date":"2014-11-03T09:35:44","date_gmt":"2014-11-03T13:35:44","guid":{"rendered":"http:\/\/www.adufpb.org.br\/site\/?p=10088"},"modified":"2014-11-03T09:35:44","modified_gmt":"2014-11-03T13:35:44","slug":"docentes-do-setor-das-federais-do-andes-sn-apontam-eixos-para-campanha-2015","status":"publish","type":"post","link":"https:\/\/www.adufpb.org.br\/site\/docentes-do-setor-das-federais-do-andes-sn-apontam-eixos-para-campanha-2015\/","title":{"rendered":"Docentes do Setor das Federais do ANDES-SN apontam eixos para Campanha 2015"},"content":{"rendered":"<p>A defesa do projeto de carreira do ANDES-SN para o magist\u00e9rio federal e de melhores condi\u00e7\u00f5es de trabalho devem ser intensificadas como eixo central da luta para 2015, apontaram os docentes representantes das se\u00e7\u00f5es sindicais do ANDES-SN, presentes na reuni\u00e3o Setor das Institui\u00e7\u00f5es Federais de Ensino Superior (Ifes) do Sindicato Nacional, em Bras\u00edlia nos \u00faltimos dias 24 e 25 de outubro.<\/p>\n<p>Outro ponto reafirmado pelos docentes foi a necessidade de fortalecer a campanha unificada dos Servidores P\u00fablicos Federais e a ampla participa\u00e7\u00e3o no Semin\u00e1rio, promovido pelo F\u00f3rum das Entidades Nacionais dos SPF, que ir\u00e1 definir os rumos da luta do funcionalismo federal para o pr\u00f3ximo ano. Nesse sentido, os participantes da reuni\u00e3o do Setor destacaram a reivindica\u00e7\u00e3o de um \u00edndice \u00fanico de reajuste linear para a recomposi\u00e7\u00e3o das perdas salariais, acumuladas no \u00faltimo per\u00edodo, e a defini\u00e7\u00e3o da data-base, como itens fundamentais da luta conjunta com os demais servidores federais.<\/p>\n<p>\u201cA nossa inten\u00e7\u00e3o \u00e9 discutir no Semin\u00e1rio Nacional como vamos chegar a esse \u00edndice unificado e tamb\u00e9m manter a defesa de 1\u00ba de maio como data-base para o reajuste salarial dos SPF. E, para o magist\u00e9rio federal, a nossa luta \u00e9 continuar na defesa do nosso projeto de carreira e por melhores condi\u00e7\u00f5es de trabalho. Isso se d\u00e1 por conta da avalia\u00e7\u00e3o que o movimento faz da lei 12.772\/2012, que desestruturou de vez a carreira do professor federal, inclusive na regulamenta\u00e7\u00e3o do desenvolvimento na carreira, quest\u00e3o que foi remetida para dentro das institui\u00e7\u00f5es\u201d, explica Andr\u00e9 Guimar\u00e3es, 1\u00ba vice-presidente da Regional Norte 2 do ANDES-SN e um dos coordenadores do Setor das Ifes.<\/p>\n<p>De acordo com Guimar\u00e3es, devido a atua\u00e7\u00e3o autorit\u00e1ria das administra\u00e7\u00f5es superiores em diversas IFE e a aus\u00eancia de debate democr\u00e1tico, est\u00e3o se acirrando as distor\u00e7\u00f5es na carreira, ampliando o fosso entre as rela\u00e7\u00f5es ensino-pesquisa-extens\u00e3o, e criando uma cultura de supervaloriza\u00e7\u00e3o dos cargos de gest\u00e3o, como parte da vida acad\u00eamica.<\/p>\n<p>\u201cMuitas resolu\u00e7\u00f5es est\u00e3o sendo elaboradas sem nenhuma discuss\u00e3o com o conjunto da categoria. A lei 12.772\/2012, principalmente no que diz respeito \u00e0 progress\u00e3o para a classe E, est\u00e1 sendo implementada de forma autorit\u00e1ria, com um vi\u00e9s meritocr\u00e1tico, quantitativo e, em alguns casos, com uma supervaloriza\u00e7\u00e3o dos cargos gest\u00e3o \u2013 o que, na verdade, \u00e9 uma esp\u00e9cie de corporativismo por parte das administra\u00e7\u00f5es superiores\u201d, detalha.<\/p>\n<p>Para o diretor do ANDES-SN, a tend\u00eancia que se desenha, com as barreiras que v\u00eam sendo impostas, \u00e9 que apenas um grupo minorit\u00e1rio ter\u00e1 condi\u00e7\u00f5es de chegar \u00e0 Classe E (titular), situa\u00e7\u00e3o que resulta em baixo impacto financeiro para o governo e reflete mais um mecanismo de redu\u00e7\u00e3o do investimento na educa\u00e7\u00e3o p\u00fablica superior.<\/p>\n<p>O 1\u00ba vice-presidente da Regional Norte faz um chamamento para a intensifica\u00e7\u00e3o dos debates nas se\u00e7\u00f5es sindicais no sentido de preparar a luta para 2015. \u201cVamos instigar a base na constru\u00e7\u00e3o dessa campanha para 2015 e j\u00e1 iniciamos esse processo com a agenda tem\u00e1tica definida no 59\u00ba Conad, a qual traz como temas centrais a defesa dos direitos na aposentadoria, o desenvolvimento na carreira e a autonomia e democracia nas IFE, pontos sob constante ataque\u201d, ressalta.<\/p>\n<p>Guimar\u00e3es explica que a mudan\u00e7a na concep\u00e7\u00e3o de universidade, imposta pelo projeto do governo, est\u00e1 repercutindo nas decis\u00f5es internas das IFE, como a defini\u00e7\u00e3o de resolu\u00e7\u00e3o sobre desenvolvimento na carreira, estatuinte, entre outros. \u201cOs reitores n\u00e3o respeitam os \u00f3rg\u00e3os colegiados e imp\u00f5em um modelo de gest\u00e3o gerencial. Assim, estes processos est\u00e3o ocorrendo sem discuss\u00e3o interna e sem democracia. Precisamos nos armar contra esses ataques, que tendem a se intensificar no pr\u00f3ximo ano\u201d, refor\u00e7a.<\/p>\n<p>Outro ponto fundamental, discutido na reuni\u00e3o do Setor ds Ifes, para fortalecer a luta em 2015 \u00e9 o Semin\u00e1rio Nacional dos SPF e os seus resultados. \u201cSe conseguimos construir um bom semin\u00e1rio e tivermos uma a\u00e7\u00e3o mais unit\u00e1ria na campanha salarial do conjunto dos SPF, isso vai certamente facilitar os trabalhos das diversas categorias na luta por suas pautas espec\u00edficas\u201d, complementa.<\/p>\n<p>&#8211; Confira o\u00a0<strong><a href=\"http:\/\/portal.andes.org.br\/imprensa\/noticias\/imp-ult-1355510181.pdf\" target=\"_blank\">Relat\u00f3rio da reuni\u00e3o<\/a><\/strong>\u00a0e os\u00a0<strong><a href=\"http:\/\/portal.andes.org.br\/imprensa\/noticias\/imp-ult-1355510181.pdf\" target=\"_blank\">anexos<\/a><\/strong>.<\/p>\n<p><strong>Mo\u00e7\u00f5es de rep\u00fadio<br \/>\n<\/strong>Durante a reuni\u00e3o, os representantes do Setor das Ifes do ANDES-SN aprovaram tr\u00eas mo\u00e7\u00f5es de rep\u00fadio: uma contra as demiss\u00f5es dos dirigentes do Sindicato dos Trabalhadores do Reflorestamento (Sindiflora\/BA), outra recha\u00e7ando as puni\u00e7\u00f5es e medidas disciplinares adotadas pela Reitoria da Universidade Federal Fluminense (UFF) em rela\u00e7\u00e3o ao evento perform\u00e1tico de encerramento do \u201cII Semin\u00e1rio sobre Corpo e Resist\u00eancia\u201d, organizado por um grupo de pesquisa vinculado ao Departamento de Estudos Culturais do Instituto de Humanidades e Sa\u00fade (IHS) do Campus Universit\u00e1rio de Rio das Ostras e contra a persegui\u00e7\u00e3o \u00e0 Dire\u00e7\u00e3o do IHS\/UFF.<\/p>\n<p><em>Fonte:\u00a0ANDES-SN<\/em><\/p>\n<p>&nbsp;<\/p>\n","protected":false},"excerpt":{"rendered":"<p>A defesa do projeto de carreira do ANDES-SN para o magist\u00e9rio federal e de melhores condi\u00e7\u00f5es de trabalho devem ser intensificadas como eixo central da luta para 2015, apontaram os docentes representantes das se\u00e7\u00f5es sindicais do ANDES-SN, presentes na reuni\u00e3o Setor das Institui\u00e7\u00f5es Federais de Ensino Superior (Ifes) do Sindicato Nacional, em Bras\u00edlia nos \u00faltimos&hellip;<\/p>\n","protected":false},"author":3,"featured_media":0,"comment_status":"closed","ping_status":"closed","sticky":false,"template":"","format":"standard","meta":{"footnotes":""},"categories":[15],"tags":[],"class_list":["post-10088","post","type-post","status-publish","format-standard","hentry","category-noticias","category-15","description-off"],"_links":{"self":[{"href":"https:\/\/www.adufpb.org.br\/site\/wp-json\/wp\/v2\/posts\/10088","targetHints":{"allow":["GET"]}}],"collection":[{"href":"https:\/\/www.adufpb.org.br\/site\/wp-json\/wp\/v2\/posts"}],"about":[{"href":"https:\/\/www.adufpb.org.br\/site\/wp-json\/wp\/v2\/types\/post"}],"author":[{"embeddable":true,"href":"https:\/\/www.adufpb.org.br\/site\/wp-json\/wp\/v2\/users\/3"}],"replies":[{"embeddable":true,"href":"https:\/\/www.adufpb.org.br\/site\/wp-json\/wp\/v2\/comments?post=10088"}],"version-history":[{"count":1,"href":"https:\/\/www.adufpb.org.br\/site\/wp-json\/wp\/v2\/posts\/10088\/revisions"}],"predecessor-version":[{"id":10089,"href":"https:\/\/www.adufpb.org.br\/site\/wp-json\/wp\/v2\/posts\/10088\/revisions\/10089"}],"wp:attachment":[{"href":"https:\/\/www.adufpb.org.br\/site\/wp-json\/wp\/v2\/media?parent=10088"}],"wp:term":[{"taxonomy":"category","embeddable":true,"href":"https:\/\/www.adufpb.org.br\/site\/wp-json\/wp\/v2\/categories?post=10088"},{"taxonomy":"post_tag","embeddable":true,"href":"https:\/\/www.adufpb.org.br\/site\/wp-json\/wp\/v2\/tags?post=10088"}],"curies":[{"name":"wp","href":"https:\/\/api.w.org\/{rel}","templated":true}]}}