{"id":10079,"date":"2014-10-31T11:21:10","date_gmt":"2014-10-31T15:21:10","guid":{"rendered":"http:\/\/www.adufpb.org.br\/site\/?p=10079"},"modified":"2014-11-03T09:41:34","modified_gmt":"2014-11-03T13:41:34","slug":"estudantes-retratam-abandono-de-obras-na-ufpb","status":"publish","type":"post","link":"https:\/\/www.adufpb.org.br\/site\/estudantes-retratam-abandono-de-obras-na-ufpb\/","title":{"rendered":"Estudantes retratam abandono de obras na UFPB"},"content":{"rendered":"<p><a href=\"http:\/\/www.adufpb.org.br\/site\/wp-content\/uploads\/2014\/10\/ABACATOY-banner-horizontal.jpg\"><img loading=\"lazy\" decoding=\"async\" class=\"alignleft size-medium wp-image-10080\" alt=\"ABACATOY banner horizontal\" src=\"http:\/\/www.adufpb.org.br\/site\/wp-content\/uploads\/2014\/10\/ABACATOY-banner-horizontal-300x204.jpg\" width=\"300\" height=\"204\" srcset=\"https:\/\/www.adufpb.org.br\/site\/wp-content\/uploads\/2014\/10\/ABACATOY-banner-horizontal-300x204.jpg 300w, https:\/\/www.adufpb.org.br\/site\/wp-content\/uploads\/2014\/10\/ABACATOY-banner-horizontal-1024x696.jpg 1024w\" sizes=\"auto, (max-width: 300px) 100vw, 300px\" \/><\/a>O mau uso do dinheiro p\u00fablico e a situa\u00e7\u00e3o prec\u00e1ria e de abandono de obras nas universidades federais s\u00e3o revelados na exposi\u00e7\u00e3o Abacatoy, que pode ser vista na Pinacoteca da Biblioteca Central desde a \u00faltima quinta-feira (30\/10). Rute Roos, Gabriela Adloff, Luana Rodrigues e Inocencio s\u00e3o os autores das imagens.<\/p>\n<p>A exposi\u00e7\u00e3o e um projeto art\u00edstico coletivo, resultante da disciplina de Fotografia I, ministrada pela professora Isabella Valle, do curso de Licenciatura em Artes Visuais da UFPB, e envolve linguagens distintas no campo das artes visuais, como fotografia, interven\u00e7\u00e3o art\u00edstica, assemblage e instala\u00e7\u00e3o.<\/p>\n<p>Criada em 2013, a mostra aborda o mau uso do dinheiro p\u00fablico destinado \u00e0s constru\u00e7\u00f5es e reformas de pr\u00e9dios em universidades federais no Brasil. Como recorte, o grupo elegeu um antigo pr\u00e9dio localizado no Centro de Comunica\u00e7\u00e3o Turismo e Artes (CCTA) da UFPB, conhecido pelo pseud\u00f4nimo de \u201cAbacat\u00e3o\u201d, que na ocasi\u00e3o, estava em completo abandono por uma reforma paralisada.<\/p>\n<p>As fotografias com interven\u00e7\u00f5es de brinquedos nos ambientes do pr\u00e9dio abandonado denunciam o descaso em um cen\u00e1rio lutuoso com humor cr\u00edtico e ir\u00f4nico. A ideia \u00e9 promover o confronto entre o tr\u00e1gico e o c\u00f4mico, a mal\u00edcia e a inoc\u00eancia, o descaso e a nossa passividade diante do problema.<a href=\"http:\/\/www.adufpb.org.br\/site\/wp-content\/uploads\/2014\/10\/Abacatoy.jpg\"><img loading=\"lazy\" decoding=\"async\" class=\"alignright size-medium wp-image-10081\" alt=\"Abacatoy\" src=\"http:\/\/www.adufpb.org.br\/site\/wp-content\/uploads\/2014\/10\/Abacatoy-199x300.jpg\" width=\"199\" height=\"300\" srcset=\"https:\/\/www.adufpb.org.br\/site\/wp-content\/uploads\/2014\/10\/Abacatoy-199x300.jpg 199w, https:\/\/www.adufpb.org.br\/site\/wp-content\/uploads\/2014\/10\/Abacatoy-682x1024.jpg 682w\" sizes=\"auto, (max-width: 199px) 100vw, 199px\" \/><\/a><\/p>\n<p>A exposi\u00e7\u00e3o tem entrada gratuita e estar\u00e1 aberta a visita\u00e7\u00e3o at\u00e9 o dia 5 de dezembro.Os vislumbres \u201cpelo avesso\u201d, capturados pelas lentes fotogr\u00e1ficas, refletem indigna\u00e7\u00e3o e uma estreita rela\u00e7\u00e3o afetiva daquele pr\u00e9dio com a forma\u00e7\u00e3o discente e art\u00edstica dos autores das fotografias. Naquelas salas em ru\u00ednas e nos corredores espelhados pelas \u00e1guas da chuva, o grupo iniciou as primeiras aulas pr\u00e1ticas de escultura, desenho e gravura. Um reencontro m\u00f3rbido com o cen\u00e1rio dos primeiros passos acad\u00eamicos, guardados nas lembran\u00e7as e no abandono.<\/p>\n<p><span style=\"text-decoration: underline;\"><strong>AGENDE-SE<\/strong><\/span><br \/>\n<strong>ABACATOY<\/strong><br \/>\n<strong>Quando:<\/strong> 30\/10 a 5\/12<br \/>\n<strong>Onde:<\/strong> Pinacoteca da UFPB, localizada no 2\u00ba andar da Biblioteca Central do campus I, em Jo\u00e3o Pessoa<\/p>\n","protected":false},"excerpt":{"rendered":"<p>O mau uso do dinheiro p\u00fablico e a situa\u00e7\u00e3o prec\u00e1ria e de abandono de obras nas universidades federais s\u00e3o revelados na exposi\u00e7\u00e3o Abacatoy, que pode ser vista na Pinacoteca da Biblioteca Central desde a \u00faltima quinta-feira (30\/10). Rute Roos, Gabriela Adloff, Luana Rodrigues e Inocencio s\u00e3o os autores das imagens. A exposi\u00e7\u00e3o e um projeto&hellip;<\/p>\n","protected":false},"author":3,"featured_media":10082,"comment_status":"closed","ping_status":"closed","sticky":false,"template":"","format":"standard","meta":{"footnotes":""},"categories":[15,417],"tags":[486],"class_list":["post-10079","post","type-post","status-publish","format-standard","has-post-thumbnail","hentry","category-noticias","category-noticias-destaque","tag-exposicao","category-15","category-417","description-off"],"_links":{"self":[{"href":"https:\/\/www.adufpb.org.br\/site\/wp-json\/wp\/v2\/posts\/10079","targetHints":{"allow":["GET"]}}],"collection":[{"href":"https:\/\/www.adufpb.org.br\/site\/wp-json\/wp\/v2\/posts"}],"about":[{"href":"https:\/\/www.adufpb.org.br\/site\/wp-json\/wp\/v2\/types\/post"}],"author":[{"embeddable":true,"href":"https:\/\/www.adufpb.org.br\/site\/wp-json\/wp\/v2\/users\/3"}],"replies":[{"embeddable":true,"href":"https:\/\/www.adufpb.org.br\/site\/wp-json\/wp\/v2\/comments?post=10079"}],"version-history":[{"count":3,"href":"https:\/\/www.adufpb.org.br\/site\/wp-json\/wp\/v2\/posts\/10079\/revisions"}],"predecessor-version":[{"id":10084,"href":"https:\/\/www.adufpb.org.br\/site\/wp-json\/wp\/v2\/posts\/10079\/revisions\/10084"}],"wp:featuredmedia":[{"embeddable":true,"href":"https:\/\/www.adufpb.org.br\/site\/wp-json\/wp\/v2\/media\/10082"}],"wp:attachment":[{"href":"https:\/\/www.adufpb.org.br\/site\/wp-json\/wp\/v2\/media?parent=10079"}],"wp:term":[{"taxonomy":"category","embeddable":true,"href":"https:\/\/www.adufpb.org.br\/site\/wp-json\/wp\/v2\/categories?post=10079"},{"taxonomy":"post_tag","embeddable":true,"href":"https:\/\/www.adufpb.org.br\/site\/wp-json\/wp\/v2\/tags?post=10079"}],"curies":[{"name":"wp","href":"https:\/\/api.w.org\/{rel}","templated":true}]}}