{"id":10076,"date":"2014-10-29T10:52:45","date_gmt":"2014-10-29T14:52:45","guid":{"rendered":"http:\/\/www.adufpb.org.br\/site\/?p=10076"},"modified":"2014-10-29T10:52:45","modified_gmt":"2014-10-29T14:52:45","slug":"esse-ano-o-eleitor-esta-se-sentindo-tolhido-na-sua-capacidade-da-inteligencia-democratica","status":"publish","type":"post","link":"https:\/\/www.adufpb.org.br\/site\/esse-ano-o-eleitor-esta-se-sentindo-tolhido-na-sua-capacidade-da-inteligencia-democratica\/","title":{"rendered":"Esse ano o eleitor est\u00e1 se sentindo tolhido na sua capacidade da intelig\u00eancia democr\u00e1tica"},"content":{"rendered":"<p><em>Luiz Tadeu Dias Medeiros (*)<\/em><\/p>\n<p>Tem-se, ultimamente, tido dificuldades de acompanhar o proselitismo pol\u00edtico desenvolvido por pessoas presentes nas redes sociais, onde o unilateralismo tem levado muitos a ter dificuldades, de uma an\u00e1lise mais acurada dos pontos de vistas colocados por pessoas que at\u00e9 se conhece as suas lutas e discernimento pol\u00edticos.<\/p>\n<p>V\u00ea-se em alguns casos o posicionamento vinculado a participa\u00e7\u00e3o daqueles que ocupam cargos em governos (federal, estadual ou municipais) de agremia\u00e7\u00f5es as mais diversas, onde a pratica da \u201cvelha pol\u00edtica\u201d francamente presentes, tanto nos partidos ditos de esquerda, como naqueles falados como reacion\u00e1rios ou de direita. Tais comportamentos opinativos se reportam a duas situa\u00e7\u00f5es antag\u00f4nicas: malha\u00e7\u00e3o unilateral dos advers\u00e1rios, ou ainda na mais nefasta bajula\u00e7\u00e3o descabida, dos elogios em agradecimentos, claro que velados, aos cargos que exercem, ou o parentesco que os coloca junto ao poder.<\/p>\n<p>Some-se, a tudo isso: os \u201cblogueiros\u201d, os articulistas contratados e escalados para opini\u00f5es dirigidas, e ainda as pequenas e grandes m\u00eddias escritas, televisadas, e radiof\u00f4nicas, que por interesses econ\u00f4micos, pol\u00edticos ou religiosos, tamb\u00e9m s\u00e3o utilizados nesse per\u00edodo eleitoral.<\/p>\n<p>Observa-se ainda que a m\u00eddia presente na grande rede mundial (Internet) e na formal: atrav\u00e9s de Jornais, Revistas, Televis\u00f5es e Radios, vivem em alimentar os seus leitores, ouvintes e telespectadores de \u201cfactoides\u201d pol\u00edticos, econ\u00f4micos e policiais, vinculados aos interesses eleitorais os mais variados.<\/p>\n<p>Por isso muitos pessoas de bom censo, tem-se furtando a comentar e\/ou compartilhar quaisquer dessas participa\u00e7\u00f5es em textos, v\u00eddeos ou imagens reais ou ir\u00f4nicas de situa\u00e7\u00f5es, que adrede critiquem ou mesmo elogiem algum dos partidos ou candidatos do interesse, ou da simpatia dos membros de redes sociais, tais como: Facebook, Twitter, You tube, etc., face a artificialidade da opini\u00f5es e situa\u00e7\u00f5es ali propostas.<\/p>\n<p>Vive-se no Brasil, pais com estado laico e democr\u00e1tico, a certeza uma intelig\u00eancia democr\u00e1tica, onde pode-se perfeitamente conviver com o proselitismo pol\u00edtico de cidad\u00e3os com velados interesses pol\u00edticos, econ\u00f4micos e religiosos, al\u00e9m de um processo de bajula\u00e7\u00e3o ainda no pagamento de favores pol\u00edticos, mas com certeza ainda tem-se a oportunidade de livre express\u00e3o, em contraposi\u00e7\u00e3o a essa pol\u00edtica velha ainda existente no Brasil deste S\u00e9culo XXI.<\/p>\n<p>Os cidad\u00e3os livres e conscientes tem que reagir e se sentir capazes de pensar inteligentemente, numa pol\u00edtica consistente para o progresso de um Brasil para os brasileiros, livres de interesses nefastos e promovendo uma reforma pol\u00edtica, reforma esta que co\u00edba tudo isso, inclusive o engodo dos menos favorecidos, prometendo-lhes esmolas e situa\u00e7\u00f5es que n\u00e3os promovem a sua expectativa de crescimento humano.<\/p>\n<p><em>(*) Prof. MSc. Engenharia Civil &#8211; Luiz Tadeu Dias Medeiros, Ex-Professor da UFPB (Eng\u00aa. Civil e Arquitetura), Ex-Presidente do CREA\/PB, Ex-Dirigente Sindical no SENGE-PB e ADUF PB\/JP.<\/em><\/p>\n","protected":false},"excerpt":{"rendered":"<p>Luiz Tadeu Dias Medeiros (*) Tem-se, ultimamente, tido dificuldades de acompanhar o proselitismo pol\u00edtico desenvolvido por pessoas presentes nas redes sociais, onde o unilateralismo tem levado muitos a ter dificuldades, de uma an\u00e1lise mais acurada dos pontos de vistas colocados por pessoas que at\u00e9 se conhece as suas lutas e discernimento pol\u00edticos. V\u00ea-se em alguns&hellip;<\/p>\n","protected":false},"author":3,"featured_media":0,"comment_status":"closed","ping_status":"closed","sticky":false,"template":"","format":"standard","meta":{"footnotes":""},"categories":[16,15],"tags":[],"class_list":["post-10076","post","type-post","status-publish","format-standard","hentry","category-artigos","category-noticias","category-16","category-15","description-off"],"_links":{"self":[{"href":"https:\/\/www.adufpb.org.br\/site\/wp-json\/wp\/v2\/posts\/10076","targetHints":{"allow":["GET"]}}],"collection":[{"href":"https:\/\/www.adufpb.org.br\/site\/wp-json\/wp\/v2\/posts"}],"about":[{"href":"https:\/\/www.adufpb.org.br\/site\/wp-json\/wp\/v2\/types\/post"}],"author":[{"embeddable":true,"href":"https:\/\/www.adufpb.org.br\/site\/wp-json\/wp\/v2\/users\/3"}],"replies":[{"embeddable":true,"href":"https:\/\/www.adufpb.org.br\/site\/wp-json\/wp\/v2\/comments?post=10076"}],"version-history":[{"count":1,"href":"https:\/\/www.adufpb.org.br\/site\/wp-json\/wp\/v2\/posts\/10076\/revisions"}],"predecessor-version":[{"id":10077,"href":"https:\/\/www.adufpb.org.br\/site\/wp-json\/wp\/v2\/posts\/10076\/revisions\/10077"}],"wp:attachment":[{"href":"https:\/\/www.adufpb.org.br\/site\/wp-json\/wp\/v2\/media?parent=10076"}],"wp:term":[{"taxonomy":"category","embeddable":true,"href":"https:\/\/www.adufpb.org.br\/site\/wp-json\/wp\/v2\/categories?post=10076"},{"taxonomy":"post_tag","embeddable":true,"href":"https:\/\/www.adufpb.org.br\/site\/wp-json\/wp\/v2\/tags?post=10076"}],"curies":[{"name":"wp","href":"https:\/\/api.w.org\/{rel}","templated":true}]}}