{"id":10069,"date":"2014-10-23T14:03:25","date_gmt":"2014-10-23T18:03:25","guid":{"rendered":"http:\/\/www.adufpb.org.br\/site\/?p=10069"},"modified":"2014-11-03T09:42:04","modified_gmt":"2014-11-03T13:42:04","slug":"em-reuniao-do-consuni-entidades-condenam-repressao-na-ufpb","status":"publish","type":"post","link":"https:\/\/www.adufpb.org.br\/site\/em-reuniao-do-consuni-entidades-condenam-repressao-na-ufpb\/","title":{"rendered":"Em reuni\u00e3o do Consuni, entidades condenam repress\u00e3o na UFPB"},"content":{"rendered":"<p dir=\"ltr\">A reuni\u00e3o do Conselho Universit\u00e1rio da UFPB (Consuni) realizada na \u00faltima ter\u00e7a-feira (21\/10) foi palco de v\u00e1rias den\u00fancias contra o uso de for\u00e7as repressoras dentro da institui\u00e7\u00e3o. Conselheiros e outros membros da comunidade acad\u00eamica lamentaram os fatos ocorridos no dia 16 de outubro, quando a Pol\u00edcia Militar, por determina\u00e7\u00e3o da Justi\u00e7a Eleitoral, usou spray de pimenta e armas de choque contra um grupo de pessoas que se organizavam no CCHLA para realizar manifesta\u00e7\u00e3o fora dos port\u00f5es da Universidade em apoio \u00e0 candidata a Presid\u00eancia da Rep\u00fablica, Dilma Rousseff. O estudante do curso de Pedagogia, F\u00e1bio Targino, chegou a ser algemado e preso.<\/p>\n<p dir=\"ltr\">Em nome das entidades representativas dos professores, servidores t\u00e9cnico-administrativos (Sintespb) e estudantes (DCE), o presidente da ADUFPB, Jaldes Reis de Meneses, deixou claro o rep\u00fadio da comunidade universit\u00e1ria. Ele lembrou a repress\u00e3o enfrentada no Brasil no final dos anos 70, per\u00edodo em que ingressou como aluno na Universidade Federal da Para\u00edba.<\/p>\n<p dir=\"ltr\">\u201cN\u00e3o recordo de, entre os anos de 1979 e 1984, quando travamos v\u00e1rias lutas sociais aqui dentro desta universidade, ter havido um aparato policial da dimens\u00e3o do que enfrentamos na semana passada\u201d, declarou. Segundo professores e estudantes que estiveram presentes na manifesta\u00e7\u00e3o do dia 16, haveria cerca de dez carros da Pol\u00edcia Militar no local durante o ocorrido, al\u00e9m de carros da Justi\u00e7a Eleitoral.<\/p>\n<p dir=\"ltr\">Jaldes afirmou que a Universidade n\u00e3o \u00e9 uma reparti\u00e7\u00e3o p\u00fablica t\u00edpica e, sim, um espa\u00e7o de troca de conhecimento, debates e politiza\u00e7\u00e3o, palco de atividades p\u00fablicas e manifesta\u00e7\u00f5es pol\u00edticas. \u201cSomos um campus, temos ruas, temos alamedas\u201d, acrescentou, lembrando que, nesses espa\u00e7os, v\u00e1rias atividades se desenvolvem dentro do cotidiano da vida acad\u00eamica.<\/p>\n<p dir=\"ltr\">O vice-presidente do Sindicato dos Trabalhadores de Ensino Superior da Para\u00edba (Sintespb), Jos\u00e9 R\u00f4mulo Xavier, membro do Consuni, repudiou as a\u00e7\u00f5es da Justi\u00e7a Eleitoral e da Pol\u00edcia Militar dentro da UFPB. \u201c\u00c9 preciso fazer uma reflex\u00e3o sobre esses fatos. Houve falta de di\u00e1logo e trucul\u00eancia por parte da PM. A Universidade n\u00e3o pode deixar de se posicionar. Naquele momento, precisava haver, no local, a presen\u00e7a de algu\u00e9m que representasse a UFPB\u201d, declarou.<\/p>\n<p dir=\"ltr\">Ao longo da reuni\u00e3o do Consuni, professores, servidores e estudantes tamb\u00e9m destacaram a aus\u00eancia da administra\u00e7\u00e3o central da universidade durante o desenrolar da confus\u00e3o no CCHLA e da pris\u00e3o do estudante F\u00e1bio Targino. Tamb\u00e9m foi bastante criticada a nota oficial sobre o caso, divulgada no site da UFPB no final do dia 16. O texto limitava-se a citar que, \u201cconforme previsto no Art. 73, I, da Lei 9.504\/97, \u00e9 vedada a realiza\u00e7\u00e3o de eventos, manifesta\u00e7\u00f5es (reuni\u00f5es) de natureza eleitoral em reparti\u00e7\u00f5es p\u00fablicas\u201d e transcrever a Lei. A atitude foi classificada como meramente \u201clegalista\u201d por v\u00e1rias das pessoas presentes.<\/p>\n<p dir=\"ltr\"><strong>Reitoria publica nova nota<\/strong><\/p>\n<p dir=\"ltr\">A reitora Margareth Diniz tamb\u00e9m lamentou os fatos ocorridos em 16 de outubro. Ela explicou que, no dia, estava em Bras\u00edlia, participando de reuni\u00e3o da Associa\u00e7\u00e3o Nacional dos Dirigentes das Institui\u00e7\u00f5es de Ensino Superior (Andifes), portanto n\u00e3o acompanhou a a\u00e7\u00e3o in loco. Quem estava \u00e0 frente da Reitoria era o vice-reitor, Eduardo Rabenhorst, que, ap\u00f3s o ocorrido, manteve contato por telefone com a Justi\u00e7a Eleitoral e com a Pol\u00edcia Militar.<\/p>\n<p dir=\"ltr\">Margareth Diniz informou que, contrariando o que costuma ser feito sempre que h\u00e1 necessidade de a\u00e7\u00f5es policiais dentro do campus, o TRE e a PM n\u00e3o comunicaram \u00e0 administra\u00e7\u00e3o central de que estariam na Universidade naquele dia. De acordo com ela, a reitoria encaminhou of\u00edcio aos dois \u00f3rg\u00e3os cobrando explica\u00e7\u00f5es sobre o ocorrido, mas ainda n\u00e3o obteve resposta. Al\u00e9m disso, a administra\u00e7\u00e3o est\u00e1 recolhendo relatos de pessoas que estavam presentes durante a a\u00e7\u00e3o para elaborar um documento com esses diversos depoimentos.<\/p>\n<p dir=\"ltr\">A reitora apresentou aos membros do Consuni uma proposta de nota oficial repudiando a a\u00e7\u00e3o da pol\u00edcia na UFPB, considerando a abordagem como \u201cinaceit\u00e1vel e temer\u00e1ria\u201d e reafirmando a autonomia universit\u00e1ria. O texto (que j\u00e1 se encontra no site da UFPB) foi lido, aprovado por unanimidade com algumas modifica\u00e7\u00f5es e ser\u00e1 encaminhado a diversas entidades, como a Justi\u00e7a Eleitoral, o Minist\u00e9rio P\u00fablico e Minist\u00e9rio da Educa\u00e7\u00e3o. Al\u00e9m disso, a reitora diz que ser\u00e1 estudada a possibilidade de cria\u00e7\u00e3o de um Comit\u00ea Gestor de Crises para lidar com problemas semelhantes no futuro.<\/p>\n","protected":false},"excerpt":{"rendered":"<p>A reuni\u00e3o do Conselho Universit\u00e1rio da UFPB (Consuni) realizada na \u00faltima ter\u00e7a-feira (21\/10) foi palco de v\u00e1rias den\u00fancias contra o uso de for\u00e7as repressoras dentro da institui\u00e7\u00e3o. Conselheiros e outros membros da comunidade acad\u00eamica lamentaram os fatos ocorridos no dia 16 de outubro, quando a Pol\u00edcia Militar, por determina\u00e7\u00e3o da Justi\u00e7a Eleitoral, usou spray de pimenta e armas de choque contra um grupo de pessoas que se organizavam no CCHLA para realizar manifesta\u00e7\u00e3o fora dos port\u00f5es da Universidade em apoio \u00e0 candidata a Presid\u00eancia da Rep\u00fablica, Dilma Rousseff. O estudante do curso de Pedagogia, F\u00e1bio Targino, chegou a ser algemado e preso.<\/p>\n","protected":false},"author":1,"featured_media":0,"comment_status":"closed","ping_status":"closed","sticky":false,"template":"","format":"standard","meta":{"footnotes":""},"categories":[15,417],"tags":[],"class_list":["post-10069","post","type-post","status-publish","format-standard","hentry","category-noticias","category-noticias-destaque","category-15","category-417","description-off"],"_links":{"self":[{"href":"https:\/\/www.adufpb.org.br\/site\/wp-json\/wp\/v2\/posts\/10069","targetHints":{"allow":["GET"]}}],"collection":[{"href":"https:\/\/www.adufpb.org.br\/site\/wp-json\/wp\/v2\/posts"}],"about":[{"href":"https:\/\/www.adufpb.org.br\/site\/wp-json\/wp\/v2\/types\/post"}],"author":[{"embeddable":true,"href":"https:\/\/www.adufpb.org.br\/site\/wp-json\/wp\/v2\/users\/1"}],"replies":[{"embeddable":true,"href":"https:\/\/www.adufpb.org.br\/site\/wp-json\/wp\/v2\/comments?post=10069"}],"version-history":[{"count":2,"href":"https:\/\/www.adufpb.org.br\/site\/wp-json\/wp\/v2\/posts\/10069\/revisions"}],"predecessor-version":[{"id":10071,"href":"https:\/\/www.adufpb.org.br\/site\/wp-json\/wp\/v2\/posts\/10069\/revisions\/10071"}],"wp:attachment":[{"href":"https:\/\/www.adufpb.org.br\/site\/wp-json\/wp\/v2\/media?parent=10069"}],"wp:term":[{"taxonomy":"category","embeddable":true,"href":"https:\/\/www.adufpb.org.br\/site\/wp-json\/wp\/v2\/categories?post=10069"},{"taxonomy":"post_tag","embeddable":true,"href":"https:\/\/www.adufpb.org.br\/site\/wp-json\/wp\/v2\/tags?post=10069"}],"curies":[{"name":"wp","href":"https:\/\/api.w.org\/{rel}","templated":true}]}}