{"id":10058,"date":"2014-10-20T16:35:48","date_gmt":"2014-10-20T20:35:48","guid":{"rendered":"http:\/\/www.adufpb.org.br\/site\/?p=10058"},"modified":"2014-10-20T16:35:48","modified_gmt":"2014-10-20T20:35:48","slug":"o-fotografaco-e-a-repressao","status":"publish","type":"post","link":"https:\/\/www.adufpb.org.br\/site\/o-fotografaco-e-a-repressao\/","title":{"rendered":"O FOTOGRAFA\u00c7O E A REPRESS\u00c3O"},"content":{"rendered":"<p><em>17 de outubro de 2014<\/em><\/p>\n<p><strong><em>Ademir Alves de Melo<\/em><\/strong><\/p>\n<p>O Comit\u00ea Pr\u00f3 Candidatura Dilma Rousseff da UFPB convocou a comunidade universit\u00e1ria para um \u201cfotografa\u00e7o\u201d nas primeiras horas da tarde desta quinta-feira, 16, na Pra\u00e7a da Alegria do CCHLA.<\/p>\n<p>Como todos os que lutam pelo avan\u00e7o do processo de mudan\u00e7as com distribui\u00e7\u00e3o de renda e empoderamento social no desenvolvimento soberano do pa\u00eds, l\u00e1 cheguei \u00e0 hora aprazada. A ideia era de juntar as pessoas em uma jornada festiva marcada por fotografias, para o registro do encontro, respeitando rigorosamente a draconiana lei eleitoral.<\/p>\n<p>Para surpresa geral a Justi\u00e7a Eleitoral antecipou-se aos membros da comunidade, certamente convocada por algum \u201cdemocrata\u201d saudosista dos tempos da ditadura. Com os fiscais do TER tamb\u00e9m vieram numerosas viaturas policiais da PM-PB. Os policiais postaram-se colados \u00e0 parede do corredor fronteiri\u00e7o \u00e0 Pra\u00e7a, portando armas pesadas, rev\u00f3lveres, algemas e outros aparatos pr\u00f3prios para a confronta\u00e7\u00e3o em situa\u00e7\u00e3o de tumultos com marginais.<\/p>\n<p>Aos poucos foram chegando grupos de alunos, professores e t\u00e9cnicos administrativos e juntando-se aos demais, a comentar o desproporcional aparato de repress\u00e3o montado dentro da UFPB. Fato in\u00e9dito. Teriam entrado no campus universit\u00e1rio sem pr\u00e9vio entendimento com a Reitoria? \u00c9 dif\u00edcil de acreditar.<\/p>\n<p>A indigna\u00e7\u00e3o com a cena inabitual foi tomando conta de todos, sem que se encontrasse explica\u00e7\u00e3o l\u00f3gica para tamanha demonstra\u00e7\u00e3o de for\u00e7a, at\u00e9 que, de repente, um jovem estudante de Pedagogia subiu ao banco para protestar, por\u00e9m, levado pela emo\u00e7\u00e3o, usando de palavras inapropriadas contra os fiscais do TER. Foi o suficiente para que os policiais avan\u00e7assem para cima do mesmo, atropelando na arrancada quem estivesse pela frente, para domin\u00e1-lo, jogando-o ao ch\u00e3o para, em seguida, conduzi-lo algemado em dire\u00e7\u00e3o a um cambur\u00e3o estacionado nas proximidades. Essa brutalidade acendeu os \u00e2nimos dos, at\u00e9 ent\u00e3o, at\u00f4nitos militantes, que esbo\u00e7aram uma tentativa de impedir a consuma\u00e7\u00e3o da pris\u00e3o.<\/p>\n<p>O que era para ser uma pac\u00edfica manifesta\u00e7\u00e3o de solidariedade com a reelei\u00e7\u00e3o da presidenta Dilma Rousseff tornou-se um fato pol\u00edtico de maior envergadura, extrapolando todas as expectativas de mobiliza\u00e7\u00e3o e despertando consci\u00eancias adormecidas.<\/p>\n<p>Para apaziguar os \u00e2nimos e estabelecer negocia\u00e7\u00f5es com as autoridades, entrou-se em contato com o vice-reitor Eduardo Rabenhorst, tendo em vista a aus\u00eancia da Reitora Margareth Diniz, momentaneamente fora do estado em reuni\u00e3o da ANDIFES. Rabenhorst mostrou solene indiferen\u00e7a \u00e0s ocorr\u00eancias a poucos metros de seu gabinete refrigerado. \u00c9 um registro que envergonha as p\u00e1ginas da gest\u00e3o universit\u00e1ria. O vice-reitor omitiu-se a resolver uma quest\u00e3o conflituosa que poderia ter tido desdobramentos piores, e sequer teve a dignidade de enviar um emiss\u00e1rio, como o Procurador Jur\u00eddico ou um pr\u00f3-reitor ao seu alcance. O sentimento geral de revolta com a repress\u00e3o e contra o deplor\u00e1vel comportamento do vice-reitor parece fundir-se como pe\u00e7as de um mesmo drama.<\/p>\n<p>Felizmente, a ex-diretora do CCHLA e atual secret\u00e1ria de Estado, Cida Ramos, teve a iniciativa e fibra de enfrentar os policiais, enquanto o presidente da ADUF, Jaldes Menezes, se apresentava para acompanhar o estudante at\u00e9 \u00e0 sede da Pol\u00edcia Federal, suprindo assim a aus\u00eancia da autoridade universit\u00e1ria, omissa. O vice-reitor lavou as m\u00e3os, mas a \u00e1gua suja respingou em toda a comunidade acad\u00eamica. A UFPB n\u00e3o merece um dirigente desse talhe.<\/p>\n<p>Definitivamente, a UFPB merece uma missa. Ou talvez algo mais eficaz: um trabalho na encruzilhada.<\/p>\n<p><b>Ademir Alves de Melo<\/b> \u00e9 professor doutor do Centro de Ci\u00eancias Jur\u00eddicas da UFPB.<\/p>\n","protected":false},"excerpt":{"rendered":"<p>17 de outubro de 2014 Ademir Alves de Melo O Comit\u00ea Pr\u00f3 Candidatura Dilma Rousseff da UFPB convocou a comunidade universit\u00e1ria para um \u201cfotografa\u00e7o\u201d nas primeiras horas da tarde desta quinta-feira, 16, na Pra\u00e7a da Alegria do CCHLA. Como todos os que lutam pelo avan\u00e7o do processo de mudan\u00e7as com distribui\u00e7\u00e3o de renda e empoderamento&hellip;<\/p>\n","protected":false},"author":3,"featured_media":0,"comment_status":"closed","ping_status":"closed","sticky":false,"template":"","format":"standard","meta":{"footnotes":""},"categories":[16,15],"tags":[],"class_list":["post-10058","post","type-post","status-publish","format-standard","hentry","category-artigos","category-noticias","category-16","category-15","description-off"],"_links":{"self":[{"href":"https:\/\/www.adufpb.org.br\/site\/wp-json\/wp\/v2\/posts\/10058","targetHints":{"allow":["GET"]}}],"collection":[{"href":"https:\/\/www.adufpb.org.br\/site\/wp-json\/wp\/v2\/posts"}],"about":[{"href":"https:\/\/www.adufpb.org.br\/site\/wp-json\/wp\/v2\/types\/post"}],"author":[{"embeddable":true,"href":"https:\/\/www.adufpb.org.br\/site\/wp-json\/wp\/v2\/users\/3"}],"replies":[{"embeddable":true,"href":"https:\/\/www.adufpb.org.br\/site\/wp-json\/wp\/v2\/comments?post=10058"}],"version-history":[{"count":2,"href":"https:\/\/www.adufpb.org.br\/site\/wp-json\/wp\/v2\/posts\/10058\/revisions"}],"predecessor-version":[{"id":10060,"href":"https:\/\/www.adufpb.org.br\/site\/wp-json\/wp\/v2\/posts\/10058\/revisions\/10060"}],"wp:attachment":[{"href":"https:\/\/www.adufpb.org.br\/site\/wp-json\/wp\/v2\/media?parent=10058"}],"wp:term":[{"taxonomy":"category","embeddable":true,"href":"https:\/\/www.adufpb.org.br\/site\/wp-json\/wp\/v2\/categories?post=10058"},{"taxonomy":"post_tag","embeddable":true,"href":"https:\/\/www.adufpb.org.br\/site\/wp-json\/wp\/v2\/tags?post=10058"}],"curies":[{"name":"wp","href":"https:\/\/api.w.org\/{rel}","templated":true}]}}