{"id":10008,"date":"2014-10-10T11:21:33","date_gmt":"2014-10-10T15:21:33","guid":{"rendered":"http:\/\/www.adufpb.org.br\/site\/?p=10008"},"modified":"2014-10-10T11:21:33","modified_gmt":"2014-10-10T15:21:33","slug":"com-cerca-de-8-milhoes-de-votos-sociedade-pede-constituinte-do-sistema-politico","status":"publish","type":"post","link":"https:\/\/www.adufpb.org.br\/site\/com-cerca-de-8-milhoes-de-votos-sociedade-pede-constituinte-do-sistema-politico\/","title":{"rendered":"Com cerca de 8 milh\u00f5es de votos, sociedade pede constituinte do sistema pol\u00edtico"},"content":{"rendered":"<p><em>Por Luiz Felipe Albuquerque<\/em><\/p>\n<p><em>Da P\u00e1gina do MST<\/em><\/p>\n<p><em><\/em>Foram quase 8 milh\u00f5es de votos. Para ser mais preciso, 7.754.436 de pessoas votaram no Plebiscito Popular por uma Constituinte Exclusiva e Soberana do Sistema Pol\u00edtico. Quase a popula\u00e7\u00e3o inteira de Portugal.\u00a0Destes, 97,05% disseram querer uma reforma do sistema pol\u00edtico, ao votarem \u201cSim\u201d entre a semana do dia 1 ao dia 7 de setembro.\u00a0O resultado do Plebiscito Constituinte foi divulgado na tarde desta quarta-feira (24), durante uma coletiva de imprensa na cidade de S\u00e3o Paulo.\u00a0\u201cVit\u00f3ria\u201d e \u201ccomemora\u00e7\u00e3o\u201d foram as principais palavras ditas por Jo\u00e3o Paulo Rodrigues, da dire\u00e7\u00e3o nacional do MST, e Vagner Freitas, presidente nacional do Central \u00danica dos Trabalhadores (CUT).<\/p>\n<p>\u201cEsse resultado demonstra o ac\u00famulo e o trabalho que foi feito nesses meses, tanto no ponto de vista do trabalho pedag\u00f3gico, organizativo e de apresentar uma proposta do que queremos \u00e0 sociedade brasileira\u201d, disse Jo\u00e3o Paulo.\u00a0Para ele, os quase 8 milh\u00f5es de votos demonstram que a sociedade quer fazer mudan\u00e7a no sistema pol\u00edtico. \u201cEsse resultado \u00e9 muito mais preciso do que essas pesquisas de elei\u00e7\u00f5es do estilo Ibope e Datafolha, porque essa foi feita com quase 8 milh\u00f5es que colocaram sua posi\u00e7\u00e3o sobre o assunto\u201d, ironizou.<\/p>\n<p>Vagner Freitas avalia que os 8 milh\u00f5es demonstram que h\u00e1 caldo na sociedade para fazer as mudan\u00e7as necess\u00e1rias. \u201cA \u00fanica forma de fazermos nossa proposta andar \u00e9 pressionarmos organizadamente; por dentro do congresso e por fora, e absolutamente nas ruas, ganhando a consci\u00eancia popular das pessoas \u00e0 nossa proposta\u201d.<\/p>\n<p>Segundo Jo\u00e3o Paulo, esse resultado \u00e9 fruto das mobiliza\u00e7\u00f5es de ruas que aconteceram nos \u00faltimos anos no Brasil, \u201cde um processo de manifesta\u00e7\u00e3o e luta. Quem foi \u00e0s ruas disse: \u2018queremos mudan\u00e7as\u2019; e com essa forma de representatividade n\u00e3o ser\u00e1 poss\u00edvel\u201d.<\/p>\n<p>Ao todo, foram abertas mais de 40.000 urnas em todo o pa\u00eds, que contou com a participa\u00e7\u00e3o de mais de 450 organiza\u00e7\u00f5es sociais, resultando na constru\u00e7\u00e3o de mais de 2.000 Comit\u00eas Populares organizados em todos os estados da federa\u00e7\u00e3o.\u00a0Entre os dias 14 e 15 de outubro, as organiza\u00e7\u00f5es sociais envolvidas no processo realizar\u00e3o uma Plen\u00e1ria Nacional em Bras\u00edlia com cerca de 2 mil pessoas, quando entregar\u00e3o o resultado final aos tr\u00eas poderes nacionais.<\/p>\n<p>Para Jo\u00e3o Paulo, os pr\u00f3ximos passos ser\u00e1 uma combina\u00e7\u00e3o de lutas sociais com campanha pol\u00edtica e pedag\u00f3gica junto \u00e0 sociedade sobre qual \u00e9 o melhor modelo de constituinte, para pressionar o Congresso a convocar um plebiscito oficial.<\/p>\n<p><strong>A voz do sil\u00eancio<\/strong><\/p>\n<p>Vagner Freitas lembrou da blindagem de informa\u00e7\u00e3o realizado pelos principais meios de comunica\u00e7\u00e3o convencionais durante toda a campanha. Para ele, o que aconteceu foi um processo de \u201cdesinforma\u00e7\u00e3o, e o povo brasileiro tem o direito de ter a informa\u00e7\u00e3o para formar sua opini\u00e3o\u201d, disse ao apontar a extrema necessidade de democratizar os meios de comunica\u00e7\u00e3o.<\/p>\n<p>Na mesma linha, Ricardo Gebrim, da secretaria operativa nacional do plebiscito, acredita que a campanha conseguiu pautar um tema que \u201cevidentemente nossa classe dominante n\u00e3o quer e n\u00e3o aceita discutir\u201d.<\/p>\n<p>Para ele, \u201c\u00e9 sintom\u00e1tico a aus\u00eancia e ignor\u00e2ncia da grande imprensa ao longo da campanha. Ao longo das elei\u00e7\u00f5es os principais candidatos \u00e0 presid\u00eancia votaram no plebiscito. \u00c9 evidente que isso \u00e9 um fato jornal\u00edstico em qualquer parte do mundo. Artistas, personalidades de renomes votaram, no entanto, eles ignoraram completamente\u201d.<\/p>\n<p>Nesse sentido, Gebrim acredita que esse bloqueio midi\u00e1tico n\u00e3o foi em v\u00e3o. \u201cEssa ignor\u00e2ncia n\u00e3o \u00e9 casual, ela \u00e9 um ato deliberado que expressa que n\u00e3o \u00e9 de interesse da classe dominante. A classe dominante est\u00e1 contente com o sistema pol\u00edtico, ela \u00e9 benefici\u00e1ria do sistema pol\u00edtico&#8221;.<\/p>\n<p>As organiza\u00e7\u00f5es envolvidas acreditam que a consulta \u00e0 popula\u00e7\u00e3o foi o primeiro passo desse processo, garantindo legitimidade \u00e0 proposta com os quase 8 milh\u00f5es de votos e as mais de 120 mil pessoas que se envolveram ao longo da semana da p\u00e1tria.<\/p>\n<p>\u201cEu arrisco dizer que a maioria desses votos, diferente de outros plebiscitos populares, se deu no meio sindical e em locais de trabalho. Portanto, esse talvez seja o plebiscito que teve a maior participa\u00e7\u00e3o da classe trabalhadora\u201d, aponta Gebrim.<\/p>\n<p>Na sua avalia\u00e7\u00e3o, essa proposta, diferente de outras quest\u00f5es, n\u00e3o abre alian\u00e7a com a classe dominante. Nesse sentido, o pr\u00f3ximo passo decisivo \u00e9 ganhar as ruas. Por\u00e9m, a tarefa n\u00e3o ser\u00e1 f\u00e1cil. \u201cVamos ter que ir \u00e0s ruas basicamente com a classe trabalhadora e seus aliados populares, e enfrentar a classe dominante como um todo\u201d.<\/p>\n","protected":false},"excerpt":{"rendered":"<p>Por Luiz Felipe Albuquerque Da P\u00e1gina do MST Foram quase 8 milh\u00f5es de votos. Para ser mais preciso, 7.754.436 de pessoas votaram no Plebiscito Popular por uma Constituinte Exclusiva e Soberana do Sistema Pol\u00edtico. Quase a popula\u00e7\u00e3o inteira de Portugal.\u00a0Destes, 97,05% disseram querer uma reforma do sistema pol\u00edtico, ao votarem \u201cSim\u201d entre a semana do&hellip;<\/p>\n","protected":false},"author":3,"featured_media":0,"comment_status":"closed","ping_status":"closed","sticky":false,"template":"","format":"standard","meta":{"footnotes":""},"categories":[15],"tags":[471,323],"class_list":["post-10008","post","type-post","status-publish","format-standard","hentry","category-noticias","tag-constituinte","tag-plebiscito","category-15","description-off"],"_links":{"self":[{"href":"https:\/\/www.adufpb.org.br\/site\/wp-json\/wp\/v2\/posts\/10008","targetHints":{"allow":["GET"]}}],"collection":[{"href":"https:\/\/www.adufpb.org.br\/site\/wp-json\/wp\/v2\/posts"}],"about":[{"href":"https:\/\/www.adufpb.org.br\/site\/wp-json\/wp\/v2\/types\/post"}],"author":[{"embeddable":true,"href":"https:\/\/www.adufpb.org.br\/site\/wp-json\/wp\/v2\/users\/3"}],"replies":[{"embeddable":true,"href":"https:\/\/www.adufpb.org.br\/site\/wp-json\/wp\/v2\/comments?post=10008"}],"version-history":[{"count":1,"href":"https:\/\/www.adufpb.org.br\/site\/wp-json\/wp\/v2\/posts\/10008\/revisions"}],"predecessor-version":[{"id":10009,"href":"https:\/\/www.adufpb.org.br\/site\/wp-json\/wp\/v2\/posts\/10008\/revisions\/10009"}],"wp:attachment":[{"href":"https:\/\/www.adufpb.org.br\/site\/wp-json\/wp\/v2\/media?parent=10008"}],"wp:term":[{"taxonomy":"category","embeddable":true,"href":"https:\/\/www.adufpb.org.br\/site\/wp-json\/wp\/v2\/categories?post=10008"},{"taxonomy":"post_tag","embeddable":true,"href":"https:\/\/www.adufpb.org.br\/site\/wp-json\/wp\/v2\/tags?post=10008"}],"curies":[{"name":"wp","href":"https:\/\/api.w.org\/{rel}","templated":true}]}}